{"id":256098,"date":"2025-07-18T10:15:23","date_gmt":"2025-07-18T10:15:23","guid":{"rendered":"https:\/\/www.europesays.com\/fr\/256098\/"},"modified":"2025-07-18T10:15:23","modified_gmt":"2025-07-18T10:15:23","slug":"immersion-dans-latelier-de-joseph-antoine-lorenzi-de-saint-andre-artiste-conceptuel-corse","status":"publish","type":"post","link":"https:\/\/www.europesays.com\/fr\/256098\/","title":{"rendered":"immersion dans l&rsquo;atelier de Joseph-Antoine Lorenzi de Saint Andr\u00e9, artiste conceptuel corse"},"content":{"rendered":"<p>Des murs blancs de chaque c\u00f4t\u00e9 qui se font face. Des toiles monochromes aux couleurs contrast\u00e9es, des mati\u00e8res et des reliefs qui se rencontrent.<\/p>\n<p>Au c\u0153ur de l&rsquo;espace artistique nouvellement cr\u00e9\u00e9 sur le port de Toga \u00e0 Bastia, c&rsquo;est tout l&rsquo;univers de Joseph-Antoine Lorenzi (Joseph-Antoine de Saint-Andr\u00e9, de son nom d&rsquo;artiste), qui se partage. M\u00e9lange d&rsquo;\u00e9motions et de r\u00e9flexion, son travail na\u00eet souvent d&rsquo;une intuition.<\/p>\n<p>\u00ab\u00a0J&rsquo;ai toujours eu besoin de cr\u00e9er, de tailler de la mati\u00e8re\u00a0\u00bb<\/p>\n<p>D&rsquo;une r\u00e9action puis, \u00ab\u00a0les choses viennent d\u2019elles-m\u00eames\u00a0\u00bb, explique l&rsquo;artiste d\u00e9laissant un temps une de ses prochaines \u0153uvres couch\u00e9e \u00e0 m\u00eame le sol, dans cet espace qui est aussi devenu son atelier. Un lieu qui a abrit\u00e9 son ancienne vie d&rsquo;actif en tant que proth\u00e9siste dentaire. Deux mondes qui n&rsquo;ont pour seul trait d&rsquo;union que la cr\u00e9ation.<\/p>\n","protected":false},"excerpt":{"rendered":"Des murs blancs de chaque c\u00f4t\u00e9 qui se font face. Des toiles monochromes aux couleurs contrast\u00e9es, des mati\u00e8res&hellip;\n","protected":false},"author":2,"featured_media":256099,"comment_status":"","ping_status":"","sticky":false,"template":"","format":"standard","meta":{"footnotes":""},"categories":[1358],"tags":[17,2593,1348,1384,1385,5621,1687,1446,1386,58,59,1011,27,14924,39606,35056,4113],"class_list":{"0":"post-256098","1":"post","2":"type-post","3":"status-publish","4":"format-standard","5":"has-post-thumbnail","7":"category-arts-et-design","8":"tag-17","9":"tag-artiste","10":"tag-arts","11":"tag-arts-and-design","12":"tag-arts-et-design","13":"tag-bastia","14":"tag-culture-loisirs","15":"tag-dans","16":"tag-design","17":"tag-divertissement","18":"tag-entertainment","19":"tag-fr","20":"tag-france","21":"tag-immersion","22":"tag-joseph-antoine","23":"tag-latelier","24":"tag-saint-andre"},"share_on_mastodon":{"url":"https:\/\/pubeurope.com\/@fr\/114873717420706317","error":""},"_links":{"self":[{"href":"https:\/\/www.europesays.com\/fr\/wp-json\/wp\/v2\/posts\/256098","targetHints":{"allow":["GET"]}}],"collection":[{"href":"https:\/\/www.europesays.com\/fr\/wp-json\/wp\/v2\/posts"}],"about":[{"href":"https:\/\/www.europesays.com\/fr\/wp-json\/wp\/v2\/types\/post"}],"author":[{"embeddable":true,"href":"https:\/\/www.europesays.com\/fr\/wp-json\/wp\/v2\/users\/2"}],"replies":[{"embeddable":true,"href":"https:\/\/www.europesays.com\/fr\/wp-json\/wp\/v2\/comments?post=256098"}],"version-history":[{"count":0,"href":"https:\/\/www.europesays.com\/fr\/wp-json\/wp\/v2\/posts\/256098\/revisions"}],"wp:featuredmedia":[{"embeddable":true,"href":"https:\/\/www.europesays.com\/fr\/wp-json\/wp\/v2\/media\/256099"}],"wp:attachment":[{"href":"https:\/\/www.europesays.com\/fr\/wp-json\/wp\/v2\/media?parent=256098"}],"wp:term":[{"taxonomy":"category","embeddable":true,"href":"https:\/\/www.europesays.com\/fr\/wp-json\/wp\/v2\/categories?post=256098"},{"taxonomy":"post_tag","embeddable":true,"href":"https:\/\/www.europesays.com\/fr\/wp-json\/wp\/v2\/tags?post=256098"}],"curies":[{"name":"wp","href":"https:\/\/api.w.org\/{rel}","templated":true}]}}