{"id":256108,"date":"2025-07-18T10:20:10","date_gmt":"2025-07-18T10:20:10","guid":{"rendered":"https:\/\/www.europesays.com\/fr\/256108\/"},"modified":"2025-07-18T10:20:10","modified_gmt":"2025-07-18T10:20:10","slug":"chikungunya-dans-lherault-trois-nouveaux-cas-autochtones-identifies-a-castries-que-sait-on-sur-letat-de-sante-des-malades","status":"publish","type":"post","link":"https:\/\/www.europesays.com\/fr\/256108\/","title":{"rendered":"Chikungunya\u00a0dans l\u2019H\u00e9rault\u00a0: trois nouveaux cas autochtones identifi\u00e9s \u00e0 Castries, que sait-on sur l\u2019\u00e9tat de sant\u00e9 des malades\u00a0?"},"content":{"rendered":"<p>\n                                                                Trois cas autochtones de chikungunya ont \u00e9t\u00e9 identifi\u00e9s sur la commune de Castries, o\u00f9 un cas autochtone avait d\u00e9j\u00e0 \u00e9t\u00e9 identifi\u00e9 le 2\u00a0juillet dernier.\n                            <\/p>\n<p>Trois cas autochtones de chikungunya ont \u00e9t\u00e9 identifi\u00e9s sur la commune de Castries, dans l\u2019Agglom\u00e9ration de Montpellier.<\/p>\n<p>\u00ab\u00a0Il n\u2019y a pas d\u2019inqui\u00e9tude sur l\u2019\u00e9tat de sant\u00e9 des personnes, nous avons \u00e9t\u00e9 inform\u00e9s par l\u2019ARS qu\u2019un traitement serait effectu\u00e9 ce vendredi 18\u00a0juillet, \u00e0 partir de 23\u00a0heures, dans le centre du village, et le parc du ch\u00e2teau\u00a0\u00bb, confirme Claudine Vassas-Mejri, maire du village, qui fait le lien avec un pr\u00e9c\u00e9dent cas, le 2\u00a0juillet dernier.<\/p>\n<p>Il y avait alors un doute sur la zone de contamination\u00a0: \u00ab\u00a0Les zones potentielles de contamination identifi\u00e9es sont la commune de Saint-Br\u00e8s et la commune de Castries\u00a0\u00bb, indiquait Sant\u00e9 publique France. La personne malade vivait \u00e0 Saint-Br\u00e8s, mais travaillait \u00e0 Castries.<\/p>\n<p>En attente de conseils<\/p>\n<p>\u00ab\u00a0Nous n\u2019avons pas d\u2019inqui\u00e9tude particuli\u00e8re, le Jeudi gourmand, organis\u00e9 dans la soir\u00e9e de jeudi, a \u00e9t\u00e9 maintenu. Mais les gens sont en attente de conseils pour se prot\u00e9ger du virus\u00a0\u00bb, pr\u00e9cise Claudine Vassas-Mejri.<\/p>\n<p>Trois cas autochtones de chikungunya, c\u2019est-\u00e0-dire constat\u00e9s chez des personnes qui n\u2019ont pas voyag\u00e9 dans des zones o\u00f9 le virus circule de fa\u00e7on end\u00e9mique, ont d\u00e9j\u00e0 \u00e9t\u00e9 identifi\u00e9s depuis le d\u00e9but de l\u2019\u00e9t\u00e9\u00a0: \u00e0 Prades-le-Lez, le 27\u00a0mai, Bernis, dans le Gard, le 11\u00a0juin, et Saint-Br\u00e8s\/Castries, le 2\u00a0juillet.<\/p>\n<p>    Les conseils \u00e0 suivre<\/p>\n<p>\u00ab\u00a0En adoptant les bons gestes, chacun peut se prot\u00e9ger et prot\u00e9ger ses proches\u00a0\u00bb, informe la commune de Castries dans un message transmis \u00e0 ses administr\u00e9s, sur la base des informations communiqu\u00e9es \u00e0 la commune par l\u2019ARS.<\/p>\n<p>Il est ainsi conseill\u00e9 d'\u00a0\u00bbappliquer\u00a0un r\u00e9pulsif cutan\u00e9, particuli\u00e8rement le matin et en fin de journ\u00e9e, installer des moustiquaires pour les nouveau-n\u00e9s ou les personnes alit\u00e9es, porter des v\u00eatements couvrants et amples, utiliser un ventilateur pour \u00e9loigner les moustiques, consulter imm\u00e9diatement son m\u00e9decin traitant en pr\u00e9sence de sympt\u00f4mes \u00e9vocateurs, forte fi\u00e8vre, douleurs articulaires ou musculaires, fatigue, maux de t\u00eate, \u00e9ruption cutan\u00e9e\u00a0\u00bb.<\/p>\n<p>Et pour \u00e9viter la prolif\u00e9ration des moustiques\u00a0: \u00ab\u00a0Supprimer les eaux stagnantes dans lesquelles les moustiques se d\u00e9veloppent, en suivant des gestes simples et efficaces \u00e0 faire une fois par semaine, vider les coupelles des plantes et tout ce qui retient de petites quantit\u00e9s d\u2019eau, ranger \u00e0 l\u2019abri de la pluie tout ce qui peut contenir de l\u2019eau, fermer herm\u00e9tiquement ou recouvrir d\u2019une moustiquaire les r\u00e9serves d\u2019eau\u00a0\u00bb.<\/p>\n<p>Dans <a href=\"https:\/\/www.santepubliquefrance.fr\/maladies-et-traumatismes\/maladies-a-transmission-vectorielle\/chikungunya\/documents\/bulletin-national\/chikungunya-dengue-et-zika-en-france-hexagonale.-bulletin-de-la-surveillance-renforcee-du-16-juillet-2025\" target=\"_self\" rel=\"nofollow noopener\">son bulletin hebdomadaire du 16\u00a0juillet, Sant\u00e9 publique France<\/a> faisait \u00e9tat de 12 foyers de transmission du chikungunya totalisant 31\u00a0cas, \u00ab\u00a0dans les r\u00e9gions Paca, Corse, Occitanie, Auvergne-Rh\u00f4ne-Alpes et pour la premi\u00e8re fois Grand Est et Nouvelle Aquitaine\u00a0\u00bb.<\/p>\n<p>Le \u00ab\u00a0foyer le plus \u00e9tendu\u00a0\u00bb touche Salon-de-Provence, avec 13 cas identifi\u00e9s sur la ville et les communes voisines de Grans et Lambesc.<\/p>\n","protected":false},"excerpt":{"rendered":"Trois cas autochtones de chikungunya ont \u00e9t\u00e9 identifi\u00e9s sur la commune de Castries, o\u00f9 un cas autochtone avait&hellip;\n","protected":false},"author":2,"featured_media":256109,"comment_status":"","ping_status":"","sticky":false,"template":"","format":"standard","meta":{"footnotes":""},"categories":[10],"tags":[1011,27,72,71],"class_list":{"0":"post-256108","1":"post","2":"type-post","3":"status-publish","4":"format-standard","5":"has-post-thumbnail","7":"category-sante","8":"tag-fr","9":"tag-france","10":"tag-health","11":"tag-sante"},"share_on_mastodon":{"url":"https:\/\/pubeurope.com\/@fr\/114873737358205052","error":""},"_links":{"self":[{"href":"https:\/\/www.europesays.com\/fr\/wp-json\/wp\/v2\/posts\/256108","targetHints":{"allow":["GET"]}}],"collection":[{"href":"https:\/\/www.europesays.com\/fr\/wp-json\/wp\/v2\/posts"}],"about":[{"href":"https:\/\/www.europesays.com\/fr\/wp-json\/wp\/v2\/types\/post"}],"author":[{"embeddable":true,"href":"https:\/\/www.europesays.com\/fr\/wp-json\/wp\/v2\/users\/2"}],"replies":[{"embeddable":true,"href":"https:\/\/www.europesays.com\/fr\/wp-json\/wp\/v2\/comments?post=256108"}],"version-history":[{"count":0,"href":"https:\/\/www.europesays.com\/fr\/wp-json\/wp\/v2\/posts\/256108\/revisions"}],"wp:featuredmedia":[{"embeddable":true,"href":"https:\/\/www.europesays.com\/fr\/wp-json\/wp\/v2\/media\/256109"}],"wp:attachment":[{"href":"https:\/\/www.europesays.com\/fr\/wp-json\/wp\/v2\/media?parent=256108"}],"wp:term":[{"taxonomy":"category","embeddable":true,"href":"https:\/\/www.europesays.com\/fr\/wp-json\/wp\/v2\/categories?post=256108"},{"taxonomy":"post_tag","embeddable":true,"href":"https:\/\/www.europesays.com\/fr\/wp-json\/wp\/v2\/tags?post=256108"}],"curies":[{"name":"wp","href":"https:\/\/api.w.org\/{rel}","templated":true}]}}