{"id":256110,"date":"2025-07-18T10:21:10","date_gmt":"2025-07-18T10:21:10","guid":{"rendered":"https:\/\/www.europesays.com\/fr\/256110\/"},"modified":"2025-07-18T10:21:10","modified_gmt":"2025-07-18T10:21:10","slug":"dans-les-pas-de-bjarne-riis-dans-hautacam-tadej-pogacar-continue-dalimenter-la-suspicion","status":"publish","type":"post","link":"https:\/\/www.europesays.com\/fr\/256110\/","title":{"rendered":"Dans les pas de Bjarne Riis dans Hautacam, Tadej Pogacar continue d\u2019alimenter la suspicion"},"content":{"rendered":"<p>Quand on a vu Jhonatan Narvaez mettre une mine comme s\u2019il lan\u00e7ait un sprint sur du plat d\u00e8s le pied de la mont\u00e9e finale vers Hautacam, jeudi lors de la 12e \u00e9tape du <a href=\"https:\/\/www.20minutes.fr\/sport\/tour-de-france\/\" target=\"_blank\" class=\"color-ultramarine c-link\" rel=\"noopener\">Tour de France<\/a>, on a compris. Ainsi mis sur orbite, Tadej Pogacar n\u2019a pas h\u00e9sit\u00e9 \u00e0 poursuivre l\u2019effort de son \u00e9quipier pour mettre sous pression <a href=\"https:\/\/www.20minutes.fr\/sport\/jonas-vingegaard\/\" target=\"_blank\" class=\"color-ultramarine c-link\" rel=\"noopener\">Jonas Vingegaard<\/a>, qui a tenu tr\u00e8s exactement 20 secondes dans sa roue avant de l\u00e2cher la rampe. Voil\u00e0 comment le Slov\u00e8ne s\u2019est retrouv\u00e9 seul, lanc\u00e9 dans un effort surhumain <a href=\"https:\/\/www.20minutes.fr\/sport\/cyclisme\/tour-de-france\/4163952-20250717-tour-france-2025-12e-etape-enfin-duel-pogacar-vingegaard-tres-haute-montagne-suivez-etape-pyrenees\" target=\"_blank\" class=\"color-ultramarine c-link\" rel=\"noopener\">alors qu\u2019il restait\u2026 11 kilom\u00e8tres de mont\u00e9e<\/a>.<\/p>\n<p>Juste derri\u00e8re Bjarne Riise<\/p>\n<p>\u00ab\u00a0Quand Tadej est pass\u00e9 devant moi, j\u2019ai \u00e9ternu\u00e9 tellement il m\u2019a enrhum\u00e9, a ironis\u00e9 \u00e0 l\u2019arriv\u00e9e Bruno Armirail, le dernier rescap\u00e9 de l\u2019\u00e9chapp\u00e9e du jour, qui avait entam\u00e9 la mont\u00e9e seul en t\u00eate. Il est deux jambes au-dessus des autres.\u00a0\u00bb Au sommet de ce premier col hors cat\u00e9gorie du Tour, <a href=\"https:\/\/www.20minutes.fr\/sport\/tadej-pogacar\/\" target=\"_blank\" class=\"color-ultramarine c-link\" rel=\"noopener\">Pogi <\/a>a en effet creus\u00e9 un gouffre avec la concurrence\u00a0: 2\u201910 sur son grand rival danois, 2\u201923 sur Florian Lipowitz, plus de trois minutes sur le reste du monde.<\/p>\n<p>Et un temps d\u2019ascension monstrueux. Qu\u2019il soit de 35\u201921 comme certains l\u2019ont calcul\u00e9 \u00e0 partir de la banni\u00e8re du d\u00e9but d\u2019ascension, ou de 35\u201907 comme l\u2019affirment d\u2019autres observateurs, il est tout l\u00e0-haut dans le top 5 de l\u2019histoire d\u2019Hautacam, au milieu des grands noms de l\u2019\u00e9poque <a href=\"https:\/\/www.20minutes.fr\/sport\/epo\/\" target=\"_blank\" class=\"color-ultramarine c-link\" rel=\"noopener\">EPO<\/a>, la r\u00e9f\u00e9rence <a href=\"https:\/\/www.lemonde.fr\/sport\/article\/2007\/05\/25\/le-cycliste-bjarne-riis-admet-lui-aussi-avoir-pris-de-l-epo_915191_3242.html\" rel=\"nofollow noopener\" target=\"_blank\" class=\"color-ultramarine c-link\">Bjarne \u00ab\u00a0monsieur 60\u00a0%\u00a0\u00bb Riis en t\u00eate<\/a>.<\/p>\n<p><img decoding=\"async\" alt=\"Le top 10 historique de l'ascension du col d'Hautacam. \" class=\"c-img\" loading=\"lazy\" fetchpriority=\"auto\" width=\"718\"  src=\"https:\/\/img.20mn.fr\/hR_JdnvBRFWFXR2-OYHSzSk\/718x0\" \/>Le top 10 historique de l&rsquo;ascension du col d&rsquo;Hautacam. \u2002-\u00a0Capture d&rsquo;\u00e9cran<\/p>\n<p>De quoi nourrir encore un peu plus la suspicion, bien s\u00fbr. De toute fa\u00e7on, la domination de Tadej Pogacar interroge depuis <a href=\"https:\/\/www.20minutes.fr\/sport\/tour-de-france\/2865579-20200919-tour-france-direct-roglic-peut-etre-inquiete-dernier-chronopinot-veut-enfin-profiter-planche-belles-filles\" target=\"_blank\" class=\"color-ultramarine c-link\" rel=\"noopener\">son av\u00e8nement en\u00a02020 \u00e0 La Planche des Belles filles<\/a>, o\u00f9 il avait \u00e9crabouill\u00e9 Roglic pour remporter son premier Tour \u00e0 la surprise g\u00e9n\u00e9rale. Des questions suscit\u00e9es par ses performances hors normes, et par les dirigeants de son \u00e9quipe UAE au pass\u00e9 douteux, le grand manitou Mauro Gianetti en t\u00eate. Le maillot jaune s\u2019est habitu\u00e9 \u00e0 tout \u00e7a.<\/p>\n<p>\u00ab\u00a0Je me sens au pic de ma carri\u00e8re\u00a0\u00bb<\/p>\n<p>\u00ab\u00a0Il y aura toujours des doutes, <a href=\"https:\/\/www.20minutes.fr\/sport\/cyclisme\/tour-de-france\/4102449-20240722-tour-france-2024-tadej-pogacar-cyclisme-sports-plus-propres\" target=\"_blank\" class=\"color-ultramarine c-link\" rel=\"noopener\">avait-il balay\u00e9 l\u2019an dernier<\/a> apr\u00e8s avoir remport\u00e9 sa troisi\u00e8me Grande Boucle. Le cyclisme a \u00e9t\u00e9 tellement ab\u00eem\u00e9 dans le pass\u00e9, avant notre \u00e9poque. Gagner suscite toujours de la jalousie. Mais le cyclisme est l\u2019un des sports des plus propres qui soient, \u00e0 cause justement de ce qui s\u2019est pass\u00e9. Moi je dis que prendre quelque chose qui puisse mettre en p\u00e9ril votre sant\u00e9, votre c\u0153ur, n\u2019en vaut pas la chandelle. C\u2019est super stupide.\u00a0\u00bb<\/p>\n<p>L\u2019argumentaire du nouveau cannibale du cyclisme pour expliquer sa forme est toujours le m\u00eame\u00a0: les progr\u00e8s immenses dans le mat\u00e9riel et la nutrition, l\u2019entra\u00eenement toujours plus pouss\u00e9, rigoureux et individualis\u00e9. Et, en ce qui le concerne, une sorte d\u2019\u00e9tat de gr\u00e2ce dont il profite \u00e0 plein. \u00ab\u00a0Je vis un conte de f\u00e9es depuis deux ans, a racont\u00e9 le Slov\u00e8ne jeudi \u00e0 l\u2019arriv\u00e9e. Je roule avec le maillot arc-en-ciel sur le dos, avec une \u00e9quipe incroyable, des co\u00e9quipiers merveilleux, et cela me donne la force pour aller aussi loin dans la souffrance. Quand ce feu sacr\u00e9 s\u2019\u00e9teindra, je vais sans doute d\u00e9cliner mais l\u00e0 je me sens au pic de ma carri\u00e8re.\u00a0\u00bb<\/p>\n<\/p>\n<p>Quoi qu\u2019il en soit, il est aujourd\u2019hui seul sur sa plan\u00e8te. M\u00eame la Visma-Lease a Bike reconna\u00eet \u00eatre largu\u00e9. \u00ab\u00a0Il a montr\u00e9 qu\u2019il \u00e9tait le plus fort\u00a0\u00bb, a conc\u00e9d\u00e9 jeudi Grischa Niermann, le directeur sportif de la formation n\u00e9erlandaise. Qui en plus l\u2019aide dans son entreprise de destruction, tacle <a href=\"https:\/\/www.20minutes.fr\/sport\/remco-evenepoel\/\" target=\"_blank\" class=\"color-ultramarine c-link\" rel=\"noopener\">Remco Evenepoel<\/a>\u00a0: \u00ab\u00a0C\u2019est clair que Tadej \u00e9tait encore au-dessus de tout le monde. Ce que j\u2019ai vu c\u2019est que les gars de Visma lui ont donn\u00e9 une passe d\u00e9cisive.. Je pense qu\u2019ils doivent arr\u00eater de faire \u00e7a parce que Tadej est juste plus fort que Jonas.\u00a0\u00bb<\/p>\n<p>Alors, qu\u2019est-ce qu\u2019on fait maintenant\u00a0? On se l\u00e8ve et on applaudit\u00a0? On hurle au dopage\u00a0? Pour l\u2019instant, il faut peut-\u00eatre se situer au milieu de ces deux extr\u00eames. D\u00e9j\u00e0 pour la simple et bonne raison qu\u2019il n\u2019existe aucune preuve. Et l\u2019on peut saluer le spectacle sans perdre tout sens critique. C\u2019est sur cette ligne de cr\u00eate que le Slov\u00e8ne nous oblige \u00e0 avancer.<\/p>\n<p><a href=\"https:\/\/www.20minutes.fr\/sport\/tour-de-france\/\" target=\"_blank\" class=\"c-link c-btn c-btn--primary\" rel=\"noopener\">Toute l&rsquo;actu du Tour de France<\/a><\/p>\n<p>Comme le disait il y a quelques jours <a href=\"https:\/\/www.ouest-france.fr\/tour-de-france\/quelque-chose-danormal-avec-pogacar-lanalyse-dun-ingenieur-aeronautique-sur-le-tour-de-france-ea57107a-041a-11f0-a7a0-db29bf98805a\" rel=\"nofollow noopener\" target=\"_blank\" class=\"color-ultramarine c-link\">dans Ouest-France<\/a> Fr\u00e9d\u00e9ric Portoleau, un ing\u00e9nieur en a\u00e9ronautique et m\u00e9canique des fluides qui analyse depuis des ann\u00e9es les performances des cyclistes (et les publie sur <a href=\"https:\/\/www.chronoswatts.com\/cyclistes\/233\/\" rel=\"nofollow noopener\" target=\"_blank\" class=\"color-ultramarine c-link\">le site chronoswatts.com<\/a>), \u00ab\u00a0il y a une zone grise du passage de coureur propre vers le dopage\u00a0\u00bb. Sur le cas de Pogacar, les donn\u00e9es brutes, notamment concernant les watts (qui mesurent la puissance d\u00e9velopp\u00e9e par un coureur), sont tout de m\u00eame assez folles. \u00ab\u00a0Soit il continue sa progression physique, soit il y a quelque chose d\u2019anormal\u00a0\u00bb, estime le sp\u00e9cialiste.<\/p>\n","protected":false},"excerpt":{"rendered":"Quand on a vu Jhonatan Narvaez mettre une mine comme s\u2019il lan\u00e7ait un sprint sur du plat d\u00e8s&hellip;\n","protected":false},"author":2,"featured_media":256111,"comment_status":"","ping_status":"","sticky":false,"template":"","format":"standard","meta":{"footnotes":""},"categories":[9],"tags":[207,15150,1011,27,517,60,1138,210],"class_list":{"0":"post-256110","1":"post","2":"type-post","3":"status-publish","4":"format-standard","5":"has-post-thumbnail","7":"category-sports","8":"tag-cyclisme","9":"tag-dopage","10":"tag-fr","11":"tag-france","12":"tag-sport","13":"tag-sports","14":"tag-tadej-pogacar","15":"tag-tour-de-france"},"share_on_mastodon":{"url":"https:\/\/pubeurope.com\/@fr\/114873741124780620","error":""},"_links":{"self":[{"href":"https:\/\/www.europesays.com\/fr\/wp-json\/wp\/v2\/posts\/256110","targetHints":{"allow":["GET"]}}],"collection":[{"href":"https:\/\/www.europesays.com\/fr\/wp-json\/wp\/v2\/posts"}],"about":[{"href":"https:\/\/www.europesays.com\/fr\/wp-json\/wp\/v2\/types\/post"}],"author":[{"embeddable":true,"href":"https:\/\/www.europesays.com\/fr\/wp-json\/wp\/v2\/users\/2"}],"replies":[{"embeddable":true,"href":"https:\/\/www.europesays.com\/fr\/wp-json\/wp\/v2\/comments?post=256110"}],"version-history":[{"count":0,"href":"https:\/\/www.europesays.com\/fr\/wp-json\/wp\/v2\/posts\/256110\/revisions"}],"wp:featuredmedia":[{"embeddable":true,"href":"https:\/\/www.europesays.com\/fr\/wp-json\/wp\/v2\/media\/256111"}],"wp:attachment":[{"href":"https:\/\/www.europesays.com\/fr\/wp-json\/wp\/v2\/media?parent=256110"}],"wp:term":[{"taxonomy":"category","embeddable":true,"href":"https:\/\/www.europesays.com\/fr\/wp-json\/wp\/v2\/categories?post=256110"},{"taxonomy":"post_tag","embeddable":true,"href":"https:\/\/www.europesays.com\/fr\/wp-json\/wp\/v2\/tags?post=256110"}],"curies":[{"name":"wp","href":"https:\/\/api.w.org\/{rel}","templated":true}]}}