{"id":256116,"date":"2025-07-18T10:24:10","date_gmt":"2025-07-18T10:24:10","guid":{"rendered":"https:\/\/www.europesays.com\/fr\/256116\/"},"modified":"2025-07-18T10:24:10","modified_gmt":"2025-07-18T10:24:10","slug":"comment-le-gouvernement-veut-mettre-fin-aux-abus-autour-des-ruptures-conventionnelles","status":"publish","type":"post","link":"https:\/\/www.europesays.com\/fr\/256116\/","title":{"rendered":"comment le gouvernement veut mettre fin aux abus autour des ruptures conventionnelles"},"content":{"rendered":"<p><strong>D\u00c9CRYPTAGE &#8211;<\/strong> Depuis 2010, leur nombre a doubl\u00e9 au grand dam du gouvernement qui y voit un poste d\u2019\u00e9conomies.<\/p>\n<p class=\"fig-paragraph\">La\u00a0<a href=\"http:\/\/www.lefigaro.fr\/conjoncture\/budget-2026-sport-travail-defense-les-grands-perdants-et-les-epargnes-du-coup-de-rabot-de-10-milliards-sur-les-depenses-de-l-etat-20250716\" data-fig-type=\"Article\" data-gtm-custom-categorie=\"navigation\" data-gtm-custom-action=\"crossclick\" data-gtm-custom-label=\"Contextuel\" data-gtm-event=\"customEventSPE\" data-fig-domain=\"LEFIGARO\" target=\"_blank\" rel=\"noopener\">chasse aux \u00e9conomies<\/a>\u00a0est ouverte. Et pour trouver 43,8 milliards d\u2019euros, toutes les pistes sont bonnes pour le gouvernement. Parmi la liste de mesures \u00e9voqu\u00e9e par Fran\u00e7ois Bayrou et ses ministres ce mardi 15 juillet\u00a0: la lutte contre la multiplication des ruptures conventionnelles.<\/p>\n<p class=\"fig-paragraph\">En aval de la pr\u00e9sentation du premier ministre,\u00a0<a href=\"http:\/\/www.lefigaro.fr\/social\/budget-2026-monetiser-la-5e-semaine-de-conge-l-idee-a-haut-risque-du-gouvernement-20250716\" data-fig-type=\"NewsFlash\" data-gtm-custom-categorie=\"navigation\" data-gtm-custom-action=\"crossclick\" data-gtm-custom-label=\"Contextuel\" data-gtm-event=\"customEventSPE\" data-fig-domain=\"LEFIGARO\" target=\"_blank\" rel=\"noopener\">Astrid Panosyan-Bouvet<\/a>\u00a0a \u00e9voqu\u00e9 les \u00ababus\u00bb de ce dispositif. Depuis sa cr\u00e9ation en 2008, la pratique s\u2019est largement d\u00e9mocratis\u00e9e dans les entreprises. Pour les salari\u00e9s, c\u2019est une porte de sortie en douceur pour quitter un poste tout en b\u00e9n\u00e9ficiant d\u2019allocation ch\u00f4mage. Pour les entreprises, la rupture conventionnelle permet de se d\u00e9faire d\u2019un salari\u00e9 devenu trop cher ou moins productif. En 2024, plus d\u2019un demi-million de ruptures conventionnelles ont \u00e9t\u00e9 sign\u00e9es. Un chiffre stable depuis 2022, mais deux fois sup\u00e9rieur \u00e0 celui de 2010.<\/p>\n<p>Un dispositif qui ouvre des droits au ch\u00f4mage<\/p>\n<p class=\"fig-paragraph\">Le succ\u00e8s de ces accords \u00e0 l\u2019amiable entre employ\u00e9s et employeurs n\u2019est pas vraiment du go\u00fbt de l\u2019\u00c9tat. La ministre du Travail\u2026<\/p>\n<p class=\"fig-premium-paywall__infos\">\n        Cet article est r\u00e9serv\u00e9 aux abonn\u00e9s.        Il vous reste 76% \u00e0 d\u00e9couvrir.\n    <\/p>\n<p>                <img  data- alt=\"Le Figaro\" class=\"fig-img--complete fig-img\"\/><\/p>\n<p class=\"fig-premium-paywall__title\">Vous avez envie de lire la suite ?<\/p>\n<p class=\"fig-premium-paywall__subtitle\">D\u00e9bloquez tous les articles imm\u00e9diatement.<\/p>\n<p class=\"fig-premium-paywall__connect\">\n                D\u00e9j\u00e0 abonn\u00e9\u00a0?                <a class=\"fig-premium-paywall__connect-link\" href=\"https:\/\/connect.lefigaro.fr\/login?client=horizon_web&amp;type=main&amp;redirect_uri=https%3A%2F%2Fwww.lefigaro.fr%2Fsocial%2Fdes-demissions-deguisees-comment-le-gouvernement-veut-mettre-fin-aux-abus-autour-des-ruptures-conventionnelles-20250718\" data-js-gtm=\"{&quot;customCategorie&quot;: &quot;conversion&quot;, &quot;customAction&quot;: &quot;before_Landing_Connexion_paywall_auto&quot;, &quot;customLabel&quot;: &quot;bGVmaWdhcm8uZnJfXzFmMDYzMDljLTNiNjktNmE1MC1iNGE5LTJiZjZiYmMxMjg3Y19fTmV3c0ZsYXNo_\u00abDes d\u00e9missions d\u00e9guis\u00e9es\u00bb\u00a0: comment le gouvernement veut mettre fin aux abus autour des ruptures conventionnelles_119&quot;, &quot;customIDSPE&quot;: &quot;bGVmaWdhcm8uZnJfXzFmMDYzMDljLTNiNjktNmE1MC1iNGE5LTJiZjZiYmMxMjg3Y19fTmV3c0ZsYXNo&quot;, &quot;event&quot;: &quot;customEventSPE&quot;}\" target=\"_blank\" rel=\"noopener\"><br \/>\n                    Connectez-vous<br \/>\n                <\/a>\n            <\/p>\n","protected":false},"excerpt":{"rendered":"D\u00c9CRYPTAGE &#8211; Depuis 2010, leur nombre a doubl\u00e9 au grand dam du gouvernement qui y voit un poste&hellip;\n","protected":false},"author":2,"featured_media":256117,"comment_status":"","ping_status":"","sticky":false,"template":"","format":"standard","meta":{"footnotes":""},"categories":[6],"tags":[35,13189,33,34,341,1011,27,13559],"class_list":{"0":"post-256116","1":"post","2":"type-post","3":"status-publish","4":"format-standard","5":"has-post-thumbnail","7":"category-economie","8":"tag-business","9":"tag-demission","10":"tag-economie","11":"tag-economy","12":"tag-emploi","13":"tag-fr","14":"tag-france","15":"tag-rupture"},"share_on_mastodon":{"url":"https:\/\/pubeurope.com\/@fr\/114873753192987989","error":""},"_links":{"self":[{"href":"https:\/\/www.europesays.com\/fr\/wp-json\/wp\/v2\/posts\/256116","targetHints":{"allow":["GET"]}}],"collection":[{"href":"https:\/\/www.europesays.com\/fr\/wp-json\/wp\/v2\/posts"}],"about":[{"href":"https:\/\/www.europesays.com\/fr\/wp-json\/wp\/v2\/types\/post"}],"author":[{"embeddable":true,"href":"https:\/\/www.europesays.com\/fr\/wp-json\/wp\/v2\/users\/2"}],"replies":[{"embeddable":true,"href":"https:\/\/www.europesays.com\/fr\/wp-json\/wp\/v2\/comments?post=256116"}],"version-history":[{"count":0,"href":"https:\/\/www.europesays.com\/fr\/wp-json\/wp\/v2\/posts\/256116\/revisions"}],"wp:featuredmedia":[{"embeddable":true,"href":"https:\/\/www.europesays.com\/fr\/wp-json\/wp\/v2\/media\/256117"}],"wp:attachment":[{"href":"https:\/\/www.europesays.com\/fr\/wp-json\/wp\/v2\/media?parent=256116"}],"wp:term":[{"taxonomy":"category","embeddable":true,"href":"https:\/\/www.europesays.com\/fr\/wp-json\/wp\/v2\/categories?post=256116"},{"taxonomy":"post_tag","embeddable":true,"href":"https:\/\/www.europesays.com\/fr\/wp-json\/wp\/v2\/tags?post=256116"}],"curies":[{"name":"wp","href":"https:\/\/api.w.org\/{rel}","templated":true}]}}