{"id":256120,"date":"2025-07-18T10:26:12","date_gmt":"2025-07-18T10:26:12","guid":{"rendered":"https:\/\/www.europesays.com\/fr\/256120\/"},"modified":"2025-07-18T10:26:12","modified_gmt":"2025-07-18T10:26:12","slug":"on-ne-dort-plus-on-ne-mange-plus-le-desespoir-de-la-mere-de-matis-mort-enseveli-sous-du-bitume-brulant","status":"publish","type":"post","link":"https:\/\/www.europesays.com\/fr\/256120\/","title":{"rendered":"\u00ab\u00a0On ne dort plus, on ne mange plus\u00a0\u00bb\u2026 Le d\u00e9sespoir de la m\u00e8re de Matis, mort enseveli sous du bitume br\u00fblant"},"content":{"rendered":"<p>Deux jours apr\u00e8s <a href=\"https:\/\/www.20minutes.fr\/faits_divers\/4163816-20250716-vendee-remorque-ouvre-ouvrier-19-ans-meurt-enseveli-bitume-200\" class=\"color-ultramarine c-link\" rel=\"nofollow noopener\" target=\"_blank\">la mort de son fils \u00e2g\u00e9 de 19 ans, enseveli sous du bitume br\u00fblant<\/a>, sa douleur est immense. \u00ab\u00a0On ne dort plus, on ne mange plus depuis deux jours\u00a0\u00bb, confie Murielle \u00e0 <a href=\"https:\/\/actu.fr\/pays-de-la-loire\/rives-de-l-yon_85213\/a-18-h-16-notre-famille-est-decedee-la-mere-de-matis-mort-enseveli-sous-du-goudron-brulant-se-confie_62926045.html\" rel=\"nofollow noopener\" target=\"_blank\" class=\"color-ultramarine c-link\">Actu.fr<\/a>. Et d\u2019ajouter\u00a0: \u00ab\u00a0Actuellement, c\u2019est l\u2019enfer sur Terre. \u00c0 18h16, notre famille est d\u00e9c\u00e9d\u00e9e\u00a0\u00bb.<\/p>\n<p>Matis avait int\u00e9gr\u00e9 une entreprise de <a href=\"https:\/\/www.20minutes.fr\/dossier\/btp\" class=\"color-ultramarine c-link\" rel=\"nofollow noopener\" target=\"_blank\">travaux publics<\/a> comme brouetteur depuis janvier\u00a02025 et a trouv\u00e9 la mort mardi dans un <a href=\"https:\/\/www.20minutes.fr\/dossier\/accident_du_travail\" class=\"color-ultramarine c-link\" rel=\"nofollow noopener\" target=\"_blank\">accident du travail, <\/a>dont l\u2019enqu\u00eate devra \u00e9claircir les circonstances.<\/p>\n<\/p>\n<p>Pour faire vivre la m\u00e9moire de son fils et pour \u00ab\u00a0qu\u2019aucune famille ne vive ce que nous vivons\u00a0\u00bb, la m\u00e8re de Matis envisage de cr\u00e9er une association afin de pr\u00e9venir et sensibiliser sur les dangers des m\u00e9tiers du BTP, explique-t-elle \u00e0 Actu.fr. Elle dit aussi vouloir organiser une marche blanche.<\/p>\n","protected":false},"excerpt":{"rendered":"Deux jours apr\u00e8s la mort de son fils \u00e2g\u00e9 de 19 ans, enseveli sous du bitume br\u00fblant, sa&hellip;\n","protected":false},"author":2,"featured_media":256121,"comment_status":"","ping_status":"","sticky":false,"template":"","format":"standard","meta":{"footnotes":""},"categories":[4],"tags":[120,47,11,1771,118,1011,27,12,35674,2636,25,2546],"class_list":{"0":"post-256120","1":"post","2":"type-post","3":"status-publish","4":"format-standard","5":"has-post-thumbnail","7":"category-france","8":"tag-accident-du-travail","9":"tag-actualite","10":"tag-actualites","11":"tag-btp","12":"tag-faits-divers","13":"tag-fr","14":"tag-france","15":"tag-news","16":"tag-ouvriers","17":"tag-pays-de-la-loire","18":"tag-republique-francaise","19":"tag-vendee"},"share_on_mastodon":{"url":"https:\/\/pubeurope.com\/@fr\/114873760734702542","error":""},"_links":{"self":[{"href":"https:\/\/www.europesays.com\/fr\/wp-json\/wp\/v2\/posts\/256120","targetHints":{"allow":["GET"]}}],"collection":[{"href":"https:\/\/www.europesays.com\/fr\/wp-json\/wp\/v2\/posts"}],"about":[{"href":"https:\/\/www.europesays.com\/fr\/wp-json\/wp\/v2\/types\/post"}],"author":[{"embeddable":true,"href":"https:\/\/www.europesays.com\/fr\/wp-json\/wp\/v2\/users\/2"}],"replies":[{"embeddable":true,"href":"https:\/\/www.europesays.com\/fr\/wp-json\/wp\/v2\/comments?post=256120"}],"version-history":[{"count":0,"href":"https:\/\/www.europesays.com\/fr\/wp-json\/wp\/v2\/posts\/256120\/revisions"}],"wp:featuredmedia":[{"embeddable":true,"href":"https:\/\/www.europesays.com\/fr\/wp-json\/wp\/v2\/media\/256121"}],"wp:attachment":[{"href":"https:\/\/www.europesays.com\/fr\/wp-json\/wp\/v2\/media?parent=256120"}],"wp:term":[{"taxonomy":"category","embeddable":true,"href":"https:\/\/www.europesays.com\/fr\/wp-json\/wp\/v2\/categories?post=256120"},{"taxonomy":"post_tag","embeddable":true,"href":"https:\/\/www.europesays.com\/fr\/wp-json\/wp\/v2\/tags?post=256120"}],"curies":[{"name":"wp","href":"https:\/\/api.w.org\/{rel}","templated":true}]}}