{"id":256122,"date":"2025-07-18T10:27:13","date_gmt":"2025-07-18T10:27:13","guid":{"rendered":"https:\/\/www.europesays.com\/fr\/256122\/"},"modified":"2025-07-18T10:27:13","modified_gmt":"2025-07-18T10:27:13","slug":"le-temps-de-la-tronconneuse-est-venu","status":"publish","type":"post","link":"https:\/\/www.europesays.com\/fr\/256122\/","title":{"rendered":"\u00abLe temps de la tron\u00e7onneuse est venu\u00bb"},"content":{"rendered":"<p><strong>FIGAROVOX\/TRIBUNE &#8211; <\/strong>Les orientations budg\u00e9taires de Fran\u00e7ois Bayrou pr\u00e9sentent quelques efforts louables mais elles semblent \u00e0 des ann\u00e9es-lumi\u00e8re des r\u00e9formes structurelles n\u00e9cessaires pour r\u00e9duire le d\u00e9ficit public, argumente l\u2019avocat.<\/p>\n<p class=\"fig-paragraph\">Charles Consigny est avocat et essayiste.<\/p>\n<p class=\"fig-paragraph\">Le premier ministre Fran\u00e7ois Bayrou\u00a0<a href=\"http:\/\/www.lefigaro.fr\/conjoncture\/impots-retraites-annee-blanche-jours-feries-ce-qu-il-faut-retenir-des-annonces-de-francois-bayrou-sur-le-budget-2026-20250715\" data-fig-type=\"NewsFlash\" data-gtm-custom-categorie=\"navigation\" data-gtm-custom-action=\"crossclick\" data-gtm-custom-label=\"Contextuel\" data-gtm-event=\"customEventSPE\" data-fig-domain=\"LEFIGARO\" target=\"_blank\" rel=\"noopener\">a pr\u00e9sent\u00e9 mardi 15 juillet les orientations budg\u00e9taires<\/a>\u00a0pour r\u00e9duire le d\u00e9ficit public, derri\u00e8re un pupitre sur lequel \u00e9tait inscrit\u00a0: \u00abLe moment de v\u00e9rit\u00e9\u00bb. La v\u00e9rit\u00e9, chacun la conna\u00eet\u00a0: les d\u00e9penses de notre secteur public sont plus \u00e9lev\u00e9es que ses recettes, lesquelles reposent sur des pr\u00e9l\u00e8vements obligatoires qui sont d\u00e9j\u00e0 les plus importants au monde, et malgr\u00e9 cela le pays ne va pas bien, ce qui montre, s\u2019il \u00e9tait besoin, que \u00e7a n\u2019est pas en augmentant toujours plus les d\u00e9penses publiques que l\u2019on fait le bonheur et le succ\u00e8s d\u2019une nation.<\/p>\n<p>                                    <a class=\"fig-a11y-skip a11y-hidden\" href=\"#fig-a11y-skip-main-inarticle\"><br \/>\n        Passer la publicit\u00e9<br \/>\n    <\/a><\/p>\n<p class=\"fig-paragraph\"><a href=\"http:\/\/www.lefigaro.fr\/conjoncture\/plan-bayrou-un-quart-de-l-effort-budgetaire-pour-2026-repose-sur-des-hausses-d-impots-20250716\" data-fig-type=\"Article\" data-gtm-custom-categorie=\"navigation\" data-gtm-custom-action=\"crossclick\" data-gtm-custom-label=\"Contextuel\" data-gtm-event=\"customEventSPE\" data-fig-domain=\"LEFIGARO\" target=\"_blank\" rel=\"noopener\">Si le budget Bayrou pr\u00e9sente quelques efforts louables<\/a>, il semble fondamentalement tr\u00e8s difficile, presque existentiel, aux d\u00e9cideurs publics d\u2019imaginer de r\u00e9duire ces d\u00e9penses. L\u2019homme politique, le haut fonctionnaire et le syndicaliste passent sur le mode \u00aberreur 404\u00bb d\u00e8s lors qu\u2019il est question de raboter tel ou tel budget voire, pire, de renoncer \u00e0 l\u2019administration de telle ou telle activit\u00e9 par l\u2019\u00c9tat. La pente sovi\u00e9tique sur laquelle est engag\u00e9e la France depuis la pr\u00e9sidence de Fran\u00e7ois Mitterrand semble impossible \u00e0 remonter, et nous voit glisser toujours plus vers cette folie qui voudrait que le secteur public prenne en charge de tous les domaines de notre existence \u2013 c\u2019est ainsi, par exemple, qu\u2019\u00e0 La Rochelle, c\u2019est la collectivit\u00e9 qui fournit d\u00e9sormais la cr\u00e8me solaire.<\/p>\n<p class=\"fig-body-link\">\n            \u00c0 lire aussi<br \/>\n        <a class=\"fig-body-link__link fig-premium-mark\" href=\"http:\/\/www.lefigaro.fr\/conjoncture\/budget-2026-en-quoi-consiste-l-annee-blanche-annoncee-par-francois-bayrou-20250716\" data-fig-type=\"Article\" data-gtm-custom-categorie=\"navigation\" data-gtm-custom-action=\"crossclick\" data-gtm-custom-label=\"Contextuel\" data-gtm-event=\"customEventSPE\" data-fig-domain=\"LEFIGARO\" target=\"_blank\" rel=\"noopener\">Budget 2026\u00a0: en quoi consiste l\u2019\u00abann\u00e9e blanche\u00bb annonc\u00e9e par Fran\u00e7ois Bayrou\u00a0?<br \/>\n    <\/a>\n<\/p>\n<p class=\"fig-paragraph\">Fran\u00e7ois Bayrou a raison d\u2019annoncer une revue des agences de l\u2019Etat, dont il est d\u00e9sormais clair pour tout le monde qu\u2019un certain nombre d\u2019entre elles ne servent tout simplement \u00e0 rien et font doublon avec des minist\u00e8res. Le temps est venu de les supprimer, purement et simplement. Imagine-t-on qu\u2019il existe encore une Commission nationale du d\u00e9bat public (CNDP), dot\u00e9e d\u2019un budget annuel de 4 millions d\u2019euros\u00a0? Des r\u00e9gimes de retraite d\u00e9rogatoires \u00e0 la SNCF, \u00e0 la RATP, \u00e0 la Banque de France, qui co\u00fbtent plus de 8 milliards d\u2019euros par an\u00a0? Qu\u2019on ne peut pas toucher \u00e0 un centime de l\u2019Aide personnalis\u00e9e au logement (APL), qui co\u00fbte 7 milliards d\u2019euros par an, alors que son seul r\u00e9sultat, de toute \u00e9vidence, est de faire augmenter les loyers qu\u2019elle finance\u00a0?<\/p>\n<p>Nous avons, nous aussi, notre nomenklatura, des gens qui per\u00e7oivent plus de 20 000 euros nets par mois sur fonds publics, outre de nombreux avantages en nature. Est-ce normal\u00a0? Est-ce moderne\u00a0?<\/p>\n<p class=\"fig-paragraph\">Il est en revanche \u00e9loquent que, s\u2019agissant du budget de la s\u00e9curit\u00e9 sociale, on ne parvienne, dans le contexte de \u00abgrave crise\u00bb dont le gouvernement s\u2019alarme, qu\u2019\u00e0 \u00abralentir la hausse\u00bb du budget de la s\u00e9curit\u00e9 sociale\u2026 N\u2019y a-t-il pas vraiment aucun moyen, a minima, de geler ce budget qui semble litt\u00e9ralement hors de contr\u00f4le\u00a0?<\/p>\n<p class=\"fig-paragraph\">En Argentine,\u00a0<a href=\"http:\/\/www.lefigaro.fr\/conjoncture\/argentine-excedent-commercial-record-pour-la-premiere-annee-de-presidence-de-milei-20250120\" data-fig-type=\"NewsFlash\" data-gtm-custom-categorie=\"navigation\" data-gtm-custom-action=\"crossclick\" data-gtm-custom-label=\"Contextuel\" data-gtm-event=\"customEventSPE\" data-fig-domain=\"LEFIGARO\" target=\"_blank\" rel=\"noopener\">la croissance est revenue<\/a>. Celui que la gauche \u2013 et notamment la gauche et l\u2019intelligentsia fran\u00e7aises \u2013 pr\u00e9sentait comme un \u00abfasciste\u00bb a r\u00e9ussi \u00e0 sortir son pays de la spirale mortelle dans laquelle il \u00e9tait engag\u00e9. Que ne s\u2019inspire-t-on davantage de Javier Milei\u00a0? \u00c0 son arriv\u00e9e au pouvoir, il avait licenci\u00e9 un tiers des hauts fonctionnaires. Nous avons, nous aussi, notre nomenklatura, des gens qui per\u00e7oivent plus de 20 000 euros nets par mois sur fonds publics, outre de nombreux avantages en nature. Est-ce normal\u00a0? Est-ce moderne\u00a0? Ou est-ce le fruit d\u2019une r\u00e9signation insupportable de nos dirigeants\u00a0?<\/p>\n<p class=\"fig-paragraph\"><a href=\"http:\/\/www.lefigaro.fr\/politique\/budget-2026-philippe-pointe-les-limites-du-plan-bayrou-et-denonce-l-absence-de-reforme-structurelle-20250716\" data-fig-type=\"NewsFlash\" data-gtm-custom-categorie=\"navigation\" data-gtm-custom-action=\"crossclick\" data-gtm-custom-label=\"Contextuel\" data-gtm-event=\"customEventSPE\" data-fig-domain=\"LEFIGARO\" target=\"_blank\" rel=\"noopener\">\u00c9douard Philippe<\/a>, encore favori de la prochaine \u00e9lection pr\u00e9sidentielle, n\u2019a pas eu tort de dire qu\u2019il faudrait \u00abtravailler plus longtemps dans la semaine, dans l\u2019ann\u00e9e et peut-\u00eatre dans la vie\u00bb. Supprimer enfin les 35 heures et aligner tout le monde sur un r\u00e9gime de retraite raisonnable sera effectivement sans doute plus utile et plus juste \u2013 plus juste notamment pour les gens qui travaillent, \u00e9ternelles vaches \u00e0 lait du syst\u00e8me fran\u00e7ais \u2013 que de supprimer deux jours f\u00e9ri\u00e9s. Mais travailler plus sans r\u00e9former l\u2019\u00c9tat, ce sera injuste. Cette machine folle doit faire autant d\u2019efforts que les citoyens qu\u2019elle sert si le pays tout entier veut se relever.<\/p>\n","protected":false},"excerpt":{"rendered":"FIGAROVOX\/TRIBUNE &#8211; Les orientations budg\u00e9taires de Fran\u00e7ois Bayrou pr\u00e9sentent quelques efforts louables mais elles semblent \u00e0 des ann\u00e9es-lumi\u00e8re&hellip;\n","protected":false},"author":2,"featured_media":256123,"comment_status":"","ping_status":"","sticky":false,"template":"","format":"standard","meta":{"footnotes":""},"categories":[2],"tags":[11,6329,1011,27,12],"class_list":{"0":"post-256122","1":"post","2":"type-post","3":"status-publish","4":"format-standard","5":"has-post-thumbnail","7":"category-actualites","8":"tag-actualites","9":"tag-finances-publiques","10":"tag-fr","11":"tag-france","12":"tag-news"},"share_on_mastodon":{"url":"https:\/\/pubeurope.com\/@fr\/114873764627170807","error":""},"_links":{"self":[{"href":"https:\/\/www.europesays.com\/fr\/wp-json\/wp\/v2\/posts\/256122","targetHints":{"allow":["GET"]}}],"collection":[{"href":"https:\/\/www.europesays.com\/fr\/wp-json\/wp\/v2\/posts"}],"about":[{"href":"https:\/\/www.europesays.com\/fr\/wp-json\/wp\/v2\/types\/post"}],"author":[{"embeddable":true,"href":"https:\/\/www.europesays.com\/fr\/wp-json\/wp\/v2\/users\/2"}],"replies":[{"embeddable":true,"href":"https:\/\/www.europesays.com\/fr\/wp-json\/wp\/v2\/comments?post=256122"}],"version-history":[{"count":0,"href":"https:\/\/www.europesays.com\/fr\/wp-json\/wp\/v2\/posts\/256122\/revisions"}],"wp:featuredmedia":[{"embeddable":true,"href":"https:\/\/www.europesays.com\/fr\/wp-json\/wp\/v2\/media\/256123"}],"wp:attachment":[{"href":"https:\/\/www.europesays.com\/fr\/wp-json\/wp\/v2\/media?parent=256122"}],"wp:term":[{"taxonomy":"category","embeddable":true,"href":"https:\/\/www.europesays.com\/fr\/wp-json\/wp\/v2\/categories?post=256122"},{"taxonomy":"post_tag","embeddable":true,"href":"https:\/\/www.europesays.com\/fr\/wp-json\/wp\/v2\/tags?post=256122"}],"curies":[{"name":"wp","href":"https:\/\/api.w.org\/{rel}","templated":true}]}}