{"id":256126,"date":"2025-07-18T10:29:14","date_gmt":"2025-07-18T10:29:14","guid":{"rendered":"https:\/\/www.europesays.com\/fr\/256126\/"},"modified":"2025-07-18T10:29:14","modified_gmt":"2025-07-18T10:29:14","slug":"saint-etienne-quand-le-handball-feminin-devient-une-cible-de-choix","status":"publish","type":"post","link":"https:\/\/www.europesays.com\/fr\/256126\/","title":{"rendered":"SAINT-\u00c9TIENNE : QUAND LE HANDBALL F\u00c9MININ DEVIENT UNE CIBLE DE CHOIX"},"content":{"rendered":"<p>                <a href=\"https:\/\/cadenceradio.fr\" target=\"_blank\" aria-label=\"Banni\u00e8re Cadence 2025\" rel=\"nofollow noopener\"><img loading=\"lazy\" decoding=\"async\" src=\"https:\/\/www.europesays.com\/fr\/wp-content\/uploads\/2025\/07\/Banniere-Cadence-2025-scaled.jpg\" alt=\"\"   width=\"2560\" height=\"738\"\/><\/a><\/p>\n<p>Dans la nuit du 7 au 8 juillet, les flammes ont ravag\u00e9 le minibus du Handball Saint-\u00c9tienne M\u00e9tropole 42. Gar\u00e9 sur un parking municipal pr\u00e8s des anciens locaux de la r\u00e9sidence des Hortensias, le v\u00e9hicule de neuf places a \u00e9t\u00e9 d\u00e9couvert calcin\u00e9 par une employ\u00e9e du club \u00e0 son arriv\u00e9e matinale.<\/p>\n<p>L\u2019enqu\u00eate r\u00e9v\u00e8le que les optiques avaient \u00e9t\u00e9 d\u00e9mont\u00e9es avant l\u2019incendie, sugg\u00e9rant une tentative de vol suivie d\u2019une destruction volontaire pour \u00e9liminer les preuves. Cette perte repr\u00e9sente un coup dur pour l\u2019association qui regroupe 200 licenci\u00e9es.<\/p>\n<p><strong>Un investissement parti en fum\u00e9e<\/strong><\/p>\n<p>Pour cette structure associative, la perte d\u00e9passe le cadre mat\u00e9riel. Le minibus permettait aux jeunes femmes issues de familles sans v\u00e9hicule d\u2019acc\u00e9der aux entra\u00eenements et comp\u00e9titions.  Cet incendie s\u2019inscrit dans une succession d\u2019actes malveillants qui frappe le club depuis mai. Lors des c\u00e9l\u00e9brations de la mont\u00e9e en Nationale 1, les vestiaires visiteurs avaient \u00e9t\u00e9 cambriol\u00e9s en plein match, privant plusieurs joueuses de leurs effets personnels.<\/p>\n<p>Trois jours apr\u00e8s l\u2019incendie, nouveau coup dur : le local de stockage de la buvette a \u00e9t\u00e9 forc\u00e9. Les intrus ont d\u00e9rob\u00e9 alcools et confiseries avant de s\u2019installer tranquillement autour du gymnase pour d\u00e9guster leur butin.<\/p>\n<p><strong>Entre solidarit\u00e9 et incertitude<\/strong><\/p>\n<p>Face \u00e0 cette situation, le club sollicite la R\u00e9gion pour un soutien financier d\u2019urgence, conscient que les d\u00e9lais administratifs retarderont tout remplacement. Les messages de soutien des clubs lig\u00e9riens apportent un r\u00e9confort moral, mais la reprise des championnats s\u2019annonce compliqu\u00e9e entre locations temporaires et emprunts de v\u00e9hicules.<\/p>\n","protected":false},"excerpt":{"rendered":"Dans la nuit du 7 au 8 juillet, les flammes ont ravag\u00e9 le minibus du Handball Saint-\u00c9tienne M\u00e9tropole&hellip;\n","protected":false},"author":2,"featured_media":256127,"comment_status":"","ping_status":"","sticky":false,"template":"","format":"standard","meta":{"footnotes":""},"categories":[9653],"tags":[1111,11,2430,1777,674,118,1011,27,3367,12,25,4001],"class_list":{"0":"post-256126","1":"post","2":"type-post","3":"status-publish","4":"format-standard","5":"has-post-thumbnail","7":"category-saint-etienne","8":"tag-actu","9":"tag-actualites","10":"tag-auvergne-rhone-alpes","11":"tag-eu","12":"tag-europe","13":"tag-faits-divers","14":"tag-fr","15":"tag-france","16":"tag-loire","17":"tag-news","18":"tag-republique-francaise","19":"tag-saint-etienne"},"share_on_mastodon":{"url":"https:\/\/pubeurope.com\/@fr\/114873772669158381","error":""},"_links":{"self":[{"href":"https:\/\/www.europesays.com\/fr\/wp-json\/wp\/v2\/posts\/256126","targetHints":{"allow":["GET"]}}],"collection":[{"href":"https:\/\/www.europesays.com\/fr\/wp-json\/wp\/v2\/posts"}],"about":[{"href":"https:\/\/www.europesays.com\/fr\/wp-json\/wp\/v2\/types\/post"}],"author":[{"embeddable":true,"href":"https:\/\/www.europesays.com\/fr\/wp-json\/wp\/v2\/users\/2"}],"replies":[{"embeddable":true,"href":"https:\/\/www.europesays.com\/fr\/wp-json\/wp\/v2\/comments?post=256126"}],"version-history":[{"count":0,"href":"https:\/\/www.europesays.com\/fr\/wp-json\/wp\/v2\/posts\/256126\/revisions"}],"wp:featuredmedia":[{"embeddable":true,"href":"https:\/\/www.europesays.com\/fr\/wp-json\/wp\/v2\/media\/256127"}],"wp:attachment":[{"href":"https:\/\/www.europesays.com\/fr\/wp-json\/wp\/v2\/media?parent=256126"}],"wp:term":[{"taxonomy":"category","embeddable":true,"href":"https:\/\/www.europesays.com\/fr\/wp-json\/wp\/v2\/categories?post=256126"},{"taxonomy":"post_tag","embeddable":true,"href":"https:\/\/www.europesays.com\/fr\/wp-json\/wp\/v2\/tags?post=256126"}],"curies":[{"name":"wp","href":"https:\/\/api.w.org\/{rel}","templated":true}]}}