{"id":256130,"date":"2025-07-18T10:31:13","date_gmt":"2025-07-18T10:31:13","guid":{"rendered":"https:\/\/www.europesays.com\/fr\/256130\/"},"modified":"2025-07-18T10:31:13","modified_gmt":"2025-07-18T10:31:13","slug":"un-match-de-preparation-surprise-ce-samedi-face-a-logc-nice","status":"publish","type":"post","link":"https:\/\/www.europesays.com\/fr\/256130\/","title":{"rendered":"un match de pr\u00e9paration surprise ce samedi face \u00e0 l&rsquo;OGC Nice\u00a0!"},"content":{"rendered":"<p>OGC Nice (L1) &#8211; ASNL (L2)<\/p>\n<p>Ce samedi \u00e0 17\u00a0h\u00a030<\/p>\n<p>C&rsquo;est ce qui s&rsquo;appelle saisir la balle au bond. Alors, quand le staff de l\u2019ASNL a appris que l\u2019OGC Nice cherchait un adversaire pour r\u00e9p\u00e9ter ses gammes ce samedi, le directeur sportif Micka\u00ebl Chr\u00e9tien a aussit\u00f4t fait jouer ses r\u00e9seaux. Il a d\u00e9croch\u00e9 son t\u00e9l\u00e9phone pour joindre Florian Maurice, son homologue chez les Aiglons. En deux temps, trois mouvements, l\u2019affaire \u00e9tait cal\u00e9e\u00a0!<\/p>\n<p>Une op\u00e9ration men\u00e9e au pied lev\u00e9 et qui a tout du deal \u00ab\u00a0gagnant-gagnant\u00a0\u00bb. Pour les Ni\u00e7ois d\u2019abord qui, barrage de Ligue des champions oblige, ont repris l\u2019entra\u00eenement avant tout le monde. Sur le pont depuis le 23\u00a0juin, les hommes de Franck Haise ont d\u00e9j\u00e0 deux matches de pr\u00e9paration dans les jambes (victoire 2-1 face au Cercle Bruges et 3-0 contre Aubagne) et devaient initialement affronter l\u2019AC Ajaccio ce samedi. Un club corse dont la pr\u00e9paration estivale est \u00e0 l\u2019arr\u00eat apr\u00e8s la d\u00e9cision d\u2019appel de la DNCG, qui a confirm\u00e9 sa r\u00e9trogradation administrative en National.<\/p>\n<p>Ce contenu est bloqu\u00e9 car vous n&rsquo;avez pas accept\u00e9 les cookies et autres traceurs.<\/p>\n<p>En cliquant sur \u00ab J\u2019accepte \u00bb, les cookies et autres traceurs seront d\u00e9pos\u00e9s et vous pourrez visualiser les contenus  (<a href=\"\" class=\"consentModule_policy\" target=\"_blank\" title=\"Consulter la politique de protection des donn\u00e9es du fournisseur\">plus d&rsquo;informations<\/a>).<\/p>\n<p>En cliquant sur \u00ab J\u2019accepte tous les cookies \u00bb, vous autorisez des d\u00e9p\u00f4ts de cookies et autres traceurs pour le stockage de vos donn\u00e9es sur nos sites et applications \u00e0 des fins de personnalisation et de ciblage publicitaire.<\/p>\n<p class=\"consentModule_secondaryText\">Vous gardez la possibilit\u00e9 de retirer votre consentement \u00e0 tout moment en consultant notre <a href=\"https:\/\/www.estrepublicain.fr\/protection-des-donnees\" target=\"_blank\" title=\"Consulter notre politique de protection des donn\u00e9es\" rel=\"noopener\">politique de protection des donn\u00e9es<\/a>. <br \/>&#13;<br \/>\n            <a href=\"https:\/\/www.estrepublicain.fr\/sport\/2025\/07\/18\/javascript:Didomi.notice.show()\" class=\"consentModule_cmp\" target=\"_blank\" rel=\"noopener\">G\u00e9rer mes choix<\/a>&#13;\n        <\/p>\n<p>&#13;<br \/>\n                        J&rsquo;accepte&#13;<br \/>\n            J&rsquo;accepte tous les cookies&#13;\n        <\/p>\n<p>Pour l\u2019ASNL \u00e9galement, qui voit l\u00e0 l\u2019occasion de se frotter \u00e0 un adversaire prestigieux trois jours apr\u00e8s <a href=\"https:\/\/www.estrepublicain.fr\/sport\/2025\/07\/16\/as-nancy-lorraine-villefranche-suivez-le-premier-match-de-preparation-avec-nous\" target=\"_blank\" rel=\"noopener\">une premi\u00e8re sortie probante face \u00e0 Villefranche<\/a> (3-1). Et \u00e0 trois jours d\u2019affronter Strasbourg, autre \u00e9curie de Ligue 1, \u00e0 Colmar. \u00ab\u00a0Nous aurons coup sur coup deux tr\u00e8s belles oppositions\u00a0\u00bb, salue Micka\u00ebl Chr\u00e9tien. \u00ab\u00a0C\u2019est positif en termes d\u2019image &#8211; on montre qu\u2019on \u2018\u2019rena\u00eet\u2019\u2019 -, de dynamique, mais aussi sur le plan sportif. Ce sont deux \u00e9quipes qui vont nous mettre en difficult\u00e9, on le sait. Mais pour travailler et mettre en place ce que l\u2019on souhaite, il n\u2019y a rien de mieux\u00a0! Notre pressing haut devra \u00eatre encore plus pr\u00e9cis face \u00e0 des adversaires avec une qualit\u00e9 technique sup\u00e9rieure.\u00a0\u00bb<\/p>\n<p>Les Nanc\u00e9iens feront l\u2019aller-retour en avion dans la journ\u00e9e.<\/p>\n","protected":false},"excerpt":{"rendered":"OGC Nice (L1) &#8211; ASNL (L2) Ce samedi \u00e0 17\u00a0h\u00a030 C&rsquo;est ce qui s&rsquo;appelle saisir la balle au&hellip;\n","protected":false},"author":2,"featured_media":256131,"comment_status":"","ping_status":"","sticky":false,"template":"","format":"standard","meta":{"footnotes":""},"categories":[9635],"tags":[1111,11,3703,1707,1704,1706,1705,1777,674,107,1701,63,1011,27,775,1702,1703,12,25,517,1700],"class_list":{"0":"post-256130","1":"post","2":"type-post","3":"status-publish","4":"format-standard","5":"has-post-thumbnail","7":"category-nancy","8":"tag-actu","9":"tag-actualites","10":"tag-asnl","11":"tag-edition-luneville","12":"tag-edition-nancy-et-agglomeration","13":"tag-edition-pont-a-mousson","14":"tag-edition-toul","15":"tag-eu","16":"tag-europe","17":"tag-fil-info","18":"tag-fil-info-sport","19":"tag-football","20":"tag-fr","21":"tag-france","22":"tag-grand-est","23":"tag-nancy","24":"tag-nancy-ville-54b","25":"tag-news","26":"tag-republique-francaise","27":"tag-sport","28":"tag-sport-lorrain"},"share_on_mastodon":{"url":"https:\/\/pubeurope.com\/@fr\/114873780364251335","error":""},"_links":{"self":[{"href":"https:\/\/www.europesays.com\/fr\/wp-json\/wp\/v2\/posts\/256130","targetHints":{"allow":["GET"]}}],"collection":[{"href":"https:\/\/www.europesays.com\/fr\/wp-json\/wp\/v2\/posts"}],"about":[{"href":"https:\/\/www.europesays.com\/fr\/wp-json\/wp\/v2\/types\/post"}],"author":[{"embeddable":true,"href":"https:\/\/www.europesays.com\/fr\/wp-json\/wp\/v2\/users\/2"}],"replies":[{"embeddable":true,"href":"https:\/\/www.europesays.com\/fr\/wp-json\/wp\/v2\/comments?post=256130"}],"version-history":[{"count":0,"href":"https:\/\/www.europesays.com\/fr\/wp-json\/wp\/v2\/posts\/256130\/revisions"}],"wp:featuredmedia":[{"embeddable":true,"href":"https:\/\/www.europesays.com\/fr\/wp-json\/wp\/v2\/media\/256131"}],"wp:attachment":[{"href":"https:\/\/www.europesays.com\/fr\/wp-json\/wp\/v2\/media?parent=256130"}],"wp:term":[{"taxonomy":"category","embeddable":true,"href":"https:\/\/www.europesays.com\/fr\/wp-json\/wp\/v2\/categories?post=256130"},{"taxonomy":"post_tag","embeddable":true,"href":"https:\/\/www.europesays.com\/fr\/wp-json\/wp\/v2\/tags?post=256130"}],"curies":[{"name":"wp","href":"https:\/\/api.w.org\/{rel}","templated":true}]}}