{"id":256132,"date":"2025-07-18T10:32:10","date_gmt":"2025-07-18T10:32:10","guid":{"rendered":"https:\/\/www.europesays.com\/fr\/256132\/"},"modified":"2025-07-18T10:32:10","modified_gmt":"2025-07-18T10:32:10","slug":"la-musique-etait-une-sorte-de-refuge-il-est-de-retour-dans-le-var-on-a-rencontre-le-dj-mosimann-avant-son-concert-a-la-crau","status":"publish","type":"post","link":"https:\/\/www.europesays.com\/fr\/256132\/","title":{"rendered":"\u00ab\u00a0La musique \u00e9tait une sorte de refuge\u00a0\u00bb: il est de retour dans le Var, on a rencontr\u00e9 le DJ Mosimann avant son concert \u00e0 La Crau"},"content":{"rendered":"<p>Un moment de calme. En pleine tourn\u00e9e estivale, Mosimann fait une halte chez lui\u2026 ou presque.<\/p>\n<p>Avant de se produire ce vendredi soir \u00e0 La Crau, dans le cadre de l\u2019Azur Music Festival, il a lou\u00e9 une maison pour la semaine, avec toute sa famille, \u00e0 quelques m\u00e8tres de chez sa m\u00e8re.<\/p>\n<p>\u00ab\u00a0C\u2019est un regroupement familial, c\u2019est le bonheur\u00a0\u00bb, sourit le DJ, producteur, chanteur et compositeur, aujourd\u2019hui install\u00e9 en Suisse. Lui qui, \u00e0 15 ans, d\u00e9barquait dans le Var et posait son sac sur les bancs du lyc\u00e9e Jean-Aicard \u00e0 Hy\u00e8res, puis du c\u00f4t\u00e9 de Maintenon, se souvient: c\u2019est \u00e0 cette \u00e9poque aussi qu\u2019il passe pour la premi\u00e8re fois derri\u00e8re les platines pour mixer et mettre quelques euros de c\u00f4t\u00e9. \u00ab\u00a0\u202fLa musique a toujours \u00e9t\u00e9 l\u00e0. C\u2019\u00e9tait une sorte de refuge, \u00e0 un moment de ma vie. En revanche, j\u2019ai tout appris seul, \u00e0 l\u2019oreille.\u00a0\u00bb<\/p>\n<p>Apr\u00e8s avoir eu un groupe de rock, chant\u00e9 de la vari\u00e9t\u00e9 fran\u00e7aise \u2013 apr\u00e8s un passage par la Star Academy, il a gagn\u00e9 la saison 7 en 2008 \u2013, c\u2019est donc comme DJ qu\u2019il s\u2019\u00e9panouit. \u00ab\u00a0\u202f\u00c7a permet de s\u2019adapter \u00e0 son public, \u00e0 son environnement, de m\u00e9nager tout ce que j\u2019aime.\u00a0\u00bb<\/p>\n<p>D\u2019ailleurs, pour ce vendredi soir, il pr\u00e9voit un programme plut\u00f4t familial. \u00ab\u00a0\u202fJe vais mettre ce qu\u2019on appelle des rep\u00e8res, des choses que les gens connaissent, pour pouvoir les amener \u00e0 ma musique.\u202f\u00a0\u00bb<\/p>\n<p>Justement, sa musique, comment la d\u00e9finir? \u00ab\u00a0C\u2019est tr\u00e8s simple. Je fais danser les gens avec de la musique house, de la take house. C\u2019est r\u00e9solument club, mais ce n\u2019est pas non plus de la techno berlinoise. C\u2019est une musique \u00e9lectronique qui met le sourire.\u202f\u00a0\u00bb Outre ses prestations sur sc\u00e8ne, Mosimann cartonne aussi sur les r\u00e9seaux sociaux avec Dream Track.<\/p>\n<p>Des vid\u00e9os dans lesquelles il demande \u00e0 des invit\u00e9s d\u2019imaginer \u00ab\u00a0leur morceau de r\u00eave\u00a0\u00bb en citant leurs sons pr\u00e9f\u00e9r\u00e9s, chansons ou extraits sonores\u2026 Et en fait ensuite un nouveau titre. Il nous en dit plus sur ce concept dont il est \u00e0 l\u2019origine.<\/p>\n<p><strong>Comment est n\u00e9 le concept de \u00ab\u00a0Dream Track\u00a0\u00bb?<\/strong><\/p>\n<p>J\u2019avais une petite pression positive de tout mon entourage: la maison de disques, le tourneur, l\u2019\u00e9quipe marketing, le management\u2026 \u00c0 chaque fois, ils me disaient que ce serait bien si j\u2019\u00e9tais plus pr\u00e9sent sur les r\u00e9seaux sociaux. J\u2019ai toujours ador\u00e9 parler en story, raconter un peu ce qui se passe, mais je n\u2019avais pas trouv\u00e9 mon rendez-vous. En janvier 2024, j\u2019ai d\u00e9couvert que les comptes que je pr\u00e9f\u00e9rais \u00e9taient ceux de photographes qui se baladent dans la rue, au hasard, qui tombent sur des gens, discutent avec eux et leur demandent: \u00ab\u00a0Est-ce que je peux vous prendre en photo?\u202f\u00a0\u00bb Pendant qu\u2019ils les prennent en photo, une cam\u00e9ra filme, et un \u00e9change se cr\u00e9e.<\/p>\n<p><strong>Comment transpose-t-on cela \u00e0 votre univers?<\/strong><\/p>\n<p>Je me suis dit: je vais juste discuter avec des gens, connus ou pas. Au d\u00e9but, je l\u2019ai fait avec ma m\u00e8re et mon entourage proche. Quand j\u2019ai commenc\u00e9, j\u2019\u00e9tais en tourn\u00e9e avec Grand Corps Malade, il a \u00e9t\u00e9 mon cobaye. \u00c7a a bien march\u00e9, et \u00e7a a tellement pris qu\u2019on a tripl\u00e9 les followers par la suite.<\/p>\n<p><strong>Comment faites-vous venir les invit\u00e9s?<\/strong><\/p>\n<p>Apr\u00e8s Fabien (Grand Corps Malade), d\u00e8s que je faisais un festival, j\u2019allais voir les artistes en leur montrant l\u2019\u00e9pisode z\u00e9ro. Ensuite, j\u2019ai eu une opportunit\u00e9 de le faire avec des acteurs, notamment via de la promo pour Netflix et Amazon Prime. Et puis apr\u00e8s, c\u2019est Alain Chabat\u2026 Aujourd\u2019hui, on vient me d\u00e9marcher!<\/p>\n<p><strong>Le plus dur, c\u2019est de devoir dire non d\u00e9sormais?<\/strong><\/p>\n<p>J\u2019en programme un par semaine. \u00c7a me prend quand m\u00eame quelques jours: disons une heure pour le rendez-vous, puis trois jours de travail derri\u00e8re. Et je veux surtout r\u00e9ussir \u00e0 ne pas perdre l\u2019essence de ce projet. Je veux raconter des histoires\u2026<\/p>\n<p><strong>Y a-t-il un invit\u00e9 dont vous r\u00eavez?<\/strong><\/p>\n<p>Mon fantasme ultime \u00e0 l\u2019international, c\u2019est Jimmy Fallon. Et pour la France, je dirais Orelsan ou Vincent Delerm. Deux univers tr\u00e8s diff\u00e9rents, mais deux magiciens des mots.<\/p>\n<p><strong>Comment arriver jusqu\u2019\u00e0 Jimmy Fallon, alors?<\/strong><\/p>\n<p>C\u2019est en ayant plus d\u2019invit\u00e9s internationaux. Je vous le dis en exclu: lundi, je fais Shaggy! Il a vu le concept sur les r\u00e9seaux et il a dit qu\u2019il voulait le faire. Derri\u00e8re, j\u2019ai re\u00e7u un coup de fil de son manager!<\/p>\n<p><strong>Un jeu semble s\u2019\u00eatre install\u00e9 avec les invit\u00e9s qui cherchent \u00e0 vous surprendre\u2026<\/strong><\/p>\n<p>C\u2019est Bob Sinclar qui a commenc\u00e9. Maintenant, ils veulent absolument me pi\u00e9ger! \u00c7a devient compliqu\u00e9. (rires) Le dernier avec Jojo Fantaisie (Fred Testot), je me suis demand\u00e9: \u00ab\u00a0\u202fComment je vais faire?\u202f\u00a0\u00bb Tu prends tous les \u00e9l\u00e9ments, tu les mets dans un dossier, tu \u00e9coutes\u2026 Et l\u00e0: les tonalit\u00e9s n\u2019ont rien \u00e0 voir, les rythmes non plus, l\u2019harmonie encore moins\u2026 Et puis tu commences \u00e0 bidouiller, et \u00e7a finit par marcher.<\/p>\n<p>Azur Music Festival. Aujourd\u2019hui et demain \u00e0 La Crau. D\u00e8s 17h et jusqu\u2019\u00e0 1h39.90 euros la soir\u00e9e. Pass deux jours. Programmation et rens. sur www.azurmusicfestival.com<\/p>\n","protected":false},"excerpt":{"rendered":"Un moment de calme. En pleine tourn\u00e9e estivale, Mosimann fait une halte chez lui\u2026 ou presque. Avant de&hellip;\n","protected":false},"author":2,"featured_media":256133,"comment_status":"","ping_status":"","sticky":false,"template":"","format":"standard","meta":{"footnotes":""},"categories":[9619],"tags":[1111,11,4156,251,1777,674,1011,27,873,12,882,25,2310],"class_list":{"0":"post-256132","1":"post","2":"type-post","3":"status-publish","4":"format-standard","5":"has-post-thumbnail","7":"category-toulon","8":"tag-actu","9":"tag-actualites","10":"tag-concerts","11":"tag-culture","12":"tag-eu","13":"tag-europe","14":"tag-fr","15":"tag-france","16":"tag-musique","17":"tag-news","18":"tag-provence-alpes-cote-dazur","19":"tag-republique-francaise","20":"tag-toulon"},"share_on_mastodon":{"url":"https:\/\/pubeurope.com\/@fr\/114873784289169117","error":""},"_links":{"self":[{"href":"https:\/\/www.europesays.com\/fr\/wp-json\/wp\/v2\/posts\/256132","targetHints":{"allow":["GET"]}}],"collection":[{"href":"https:\/\/www.europesays.com\/fr\/wp-json\/wp\/v2\/posts"}],"about":[{"href":"https:\/\/www.europesays.com\/fr\/wp-json\/wp\/v2\/types\/post"}],"author":[{"embeddable":true,"href":"https:\/\/www.europesays.com\/fr\/wp-json\/wp\/v2\/users\/2"}],"replies":[{"embeddable":true,"href":"https:\/\/www.europesays.com\/fr\/wp-json\/wp\/v2\/comments?post=256132"}],"version-history":[{"count":0,"href":"https:\/\/www.europesays.com\/fr\/wp-json\/wp\/v2\/posts\/256132\/revisions"}],"wp:featuredmedia":[{"embeddable":true,"href":"https:\/\/www.europesays.com\/fr\/wp-json\/wp\/v2\/media\/256133"}],"wp:attachment":[{"href":"https:\/\/www.europesays.com\/fr\/wp-json\/wp\/v2\/media?parent=256132"}],"wp:term":[{"taxonomy":"category","embeddable":true,"href":"https:\/\/www.europesays.com\/fr\/wp-json\/wp\/v2\/categories?post=256132"},{"taxonomy":"post_tag","embeddable":true,"href":"https:\/\/www.europesays.com\/fr\/wp-json\/wp\/v2\/tags?post=256132"}],"curies":[{"name":"wp","href":"https:\/\/api.w.org\/{rel}","templated":true}]}}