{"id":256140,"date":"2025-07-18T10:36:09","date_gmt":"2025-07-18T10:36:09","guid":{"rendered":"https:\/\/www.europesays.com\/fr\/256140\/"},"modified":"2025-07-18T10:36:09","modified_gmt":"2025-07-18T10:36:09","slug":"les-orages-reviennent-en-seine-maritime","status":"publish","type":"post","link":"https:\/\/www.europesays.com\/fr\/256140\/","title":{"rendered":"les orages reviennent en Seine-Maritime"},"content":{"rendered":"<p>            Par<br \/>\n        <strong><br \/>\n            <a href=\"https:\/\/actu.fr\/auteur\/julien-bouteiller\" title=\"Consulter tous les articles de Julien Bouteiller\" rel=\"nofollow noopener\" target=\"_blank\">Julien Bouteiller<\/a><br \/>\n        <\/strong><\/p>\n<p>        Publi\u00e9 le<\/p>\n<p>            18 juil. 2025 \u00e0 11h31        <\/p>\n<p>Les <a href=\"https:\/\/actu.fr\/meteo\/les-orages-debarquent-en-france-ce-vendredi-une-douzaine-de-departements-places-en-vigilance-par-meteo-france_62923608.html\" rel=\"nofollow noopener\" target=\"_blank\">orages<\/a> vont de nouveau<strong> frapper la Seine-Maritime<\/strong>, ce vendredi 18 juillet 2025, en fin de journ\u00e9e. <strong>M\u00e9t\u00e9o France<\/strong> a \u00e9mis une vigilance jaune. On fait le point sur ce qui nous attend.<\/p>\n<p>Orages et fortes pluies en Seine-Maritime<\/p>\n<p class=\" wall-content\">Pour l\u2019heure, seuls trois d\u00e9partements (Manche, Calvados et Ille-et-Vilaine) <strong>sont en vigilance orange<\/strong> pour cet \u00e9pisode orageux, assez classique en cette saison. Il faut toutefois s\u2019attendre \u00e0 ce qu\u2019il touche aussi la Seine-Maritime.<\/p>\n<p class=\" wall-content\">\u00ab\u00a0Il y aura quand m\u00eame des orages en soir\u00e9e et en d\u00e9but de nuit en Seine-Maritime\u00a0\u00bb, selon Guillaume S\u00e9chet, m\u00e9t\u00e9orologiste derri\u00e8re le site <a href=\"https:\/\/www.meteo-villes.com\/previsions-meteo-le-havre-76600\/detail?date=18-07-2025\" rel=\"nofollow noopener\" target=\"_blank\">M\u00e9t\u00e9o Villes<\/a>. \u00ab\u00a0Ils pourront localement \u00eatre assez forts, <strong>avec des cumuls de pluie de 20-40mm<\/strong>, soit l\u2019\u00e9quivalent de 15 jours de pluie en quelques heures.\u00a0\u00bb<\/p>\n<p class=\" wall-content\">De son c\u00f4t\u00e9, la page M\u00e9t\u00e9o Seine-Maritime pr\u00e9voit, dans \u00ab\u00a0le Pays de Caux, la Vall\u00e9e de la Seine, l\u2019agglom\u00e9ration du Havre et de Rouen\u00a0\u00bb, une \u00ab\u00a0activit\u00e9 \u00e9lectrique mod\u00e9r\u00e9e \u00e0 forte\u00a0\u00bb et des <strong>\u00ab\u00a0gr\u00ealons jusqu\u2019\u00e0 4cm de diam\u00e8tre\u00a0\u00bb<\/strong>. Un risque que n\u2019exclut pas Guillaume S\u00e9chet, m\u00eame s\u2019il estime que \u00ab\u00a0la situation n\u2019est pas favorable aux chutes de gr\u00eale\u00a0\u00bb.<\/p>\n<p>    <a href=\"https:\/\/www.facebook.com\/plugins\/post.php?href=https%3A%2F%2Fwww.facebook.com%2Fmeteo76%2Fposts%2Fpfbid0Vpd31535PkdA5ctN79VUzmrfvAetn8am89QxwBvZ831kTx8iQiNfpG1cDP2YtHePl&amp;show_text=true&amp;width=350\" title=\"Ouvrie le lien\" rel=\"nofollow noopener\" target=\"_blank\">Cliquez ici pour visualiser le contenu<\/a><\/p>\n<p>Vid\u00e9os : en ce moment sur Actu<\/p>\n<p class=\" wall-content\">\n<p class=\" wall-content\">Pour le m\u00e9t\u00e9orologiste, ces orages pourraient se poursuivre, de fa\u00e7on plus mod\u00e9r\u00e9e, samedi matin. Dimanche, \u00ab\u00a0le temps sera <strong>tr\u00e8s agit\u00e9, avec un coup de vent<\/strong>, mais on sera plut\u00f4t sur une perturbation oc\u00e9anique\u00a0\u00bb. Et cela devrait amorcer une semaine plus fra\u00eeche, \u00ab\u00a0avec des temp\u00e9ratures en-dessous des normales de saison. On ne sera pas sur un r\u00e9gime estival\u00a0\u00bb.<\/p>\n<p>Suivez l\u2019actualit\u00e9 de Rouen <a href=\"https:\/\/www.whatsapp.com\/channel\/0029VaKfnf99hXF2ddApFB1D\" rel=\"nofollow noopener\" target=\"_blank\">sur notre cha\u00eene WhatsApp<\/a> et <a href=\"https:\/\/www.tiktok.com\/@76actu.fr?lang=fr\" rel=\"nofollow noopener\" target=\"_blank\">sur notre compte TikTok<\/a>Suivez l\u2019actualit\u00e9 du Havre <a href=\"https:\/\/www.whatsapp.com\/channel\/0029VaFqJYE8aKvLBwVrEe0o\" rel=\"nofollow noopener\" target=\"_blank\">sur notre cha\u00eene WhatsApp<\/a> et <a href=\"https:\/\/www.tiktok.com\/@76actu.fr?lang=fr\" rel=\"nofollow noopener\" target=\"_blank\">sur notre compte TikTok<\/a><\/p>\n<p class=\" wall-content\">Suivez toute l\u2019actualit\u00e9 de vos villes et m\u00e9dias favoris en vous inscrivant \u00e0 <a href=\"https:\/\/moncompte.actu.fr\" title=\"D\u00e9couvez Mon Actu\" rel=\"nofollow noopener\" data-trk=\"{&quot;cta&quot;:{&quot;action&quot;:&quot;https:\\\/\\\/moncompte.actu.fr&quot;,&quot;category&quot;:&quot;mon compte&quot;,&quot;from&quot;:&quot;article footer&quot;,&quot;name&quot;:&quot;Mon actu&quot;,&quot;type&quot;:&quot;cta&quot;}}\" target=\"_blank\">Mon Actu<\/a>.<\/p>\n<p>                    <script async src=\"\/\/www.tiktok.com\/embed.js\"><\/script><\/p>\n","protected":false},"excerpt":{"rendered":"Par Julien Bouteiller Publi\u00e9 le 18 juil. 2025 \u00e0 11h31 Les orages vont de nouveau frapper la Seine-Maritime,&hellip;\n","protected":false},"author":2,"featured_media":256141,"comment_status":"","ping_status":"","sticky":false,"template":"","format":"standard","meta":{"footnotes":""},"categories":[9587],"tags":[1111,11,1777,674,1011,27,2487,2357,12,5161,4594,25,9590],"class_list":{"0":"post-256140","1":"post","2":"type-post","3":"status-publish","4":"format-standard","5":"has-post-thumbnail","7":"category-rouen","8":"tag-actu","9":"tag-actualites","10":"tag-eu","11":"tag-europe","12":"tag-fr","13":"tag-france","14":"tag-meteo","15":"tag-meteo-france","16":"tag-news","17":"tag-normandie","18":"tag-orages","19":"tag-republique-francaise","20":"tag-rouen"},"share_on_mastodon":{"url":"https:\/\/pubeurope.com\/@fr\/114873800089588211","error":""},"_links":{"self":[{"href":"https:\/\/www.europesays.com\/fr\/wp-json\/wp\/v2\/posts\/256140","targetHints":{"allow":["GET"]}}],"collection":[{"href":"https:\/\/www.europesays.com\/fr\/wp-json\/wp\/v2\/posts"}],"about":[{"href":"https:\/\/www.europesays.com\/fr\/wp-json\/wp\/v2\/types\/post"}],"author":[{"embeddable":true,"href":"https:\/\/www.europesays.com\/fr\/wp-json\/wp\/v2\/users\/2"}],"replies":[{"embeddable":true,"href":"https:\/\/www.europesays.com\/fr\/wp-json\/wp\/v2\/comments?post=256140"}],"version-history":[{"count":0,"href":"https:\/\/www.europesays.com\/fr\/wp-json\/wp\/v2\/posts\/256140\/revisions"}],"wp:featuredmedia":[{"embeddable":true,"href":"https:\/\/www.europesays.com\/fr\/wp-json\/wp\/v2\/media\/256141"}],"wp:attachment":[{"href":"https:\/\/www.europesays.com\/fr\/wp-json\/wp\/v2\/media?parent=256140"}],"wp:term":[{"taxonomy":"category","embeddable":true,"href":"https:\/\/www.europesays.com\/fr\/wp-json\/wp\/v2\/categories?post=256140"},{"taxonomy":"post_tag","embeddable":true,"href":"https:\/\/www.europesays.com\/fr\/wp-json\/wp\/v2\/tags?post=256140"}],"curies":[{"name":"wp","href":"https:\/\/api.w.org\/{rel}","templated":true}]}}