{"id":256144,"date":"2025-07-18T10:38:08","date_gmt":"2025-07-18T10:38:08","guid":{"rendered":"https:\/\/www.europesays.com\/fr\/256144\/"},"modified":"2025-07-18T10:38:08","modified_gmt":"2025-07-18T10:38:08","slug":"la-prefecture-place-plusieurs-secteurs-en-alerte-secheresse","status":"publish","type":"post","link":"https:\/\/www.europesays.com\/fr\/256144\/","title":{"rendered":"la pr\u00e9fecture place plusieurs secteurs en alerte s\u00e9cheresse"},"content":{"rendered":"<p>Cela fait plusieurs semaines que le d\u00e9partement de l\u2019Is\u00e8re traverse une vague de chaleur importante. Probl\u00e8me, ces conditions climatiques favorisent les fortes baisses des d\u00e9bits des cours d\u2019eau. Et donc, l\u2019arriv\u00e9e d\u2019un \u00e9pisode de s\u00e9cheresse devient alors in\u00e9vitable.<\/p>\n<p>Plusieurs secteurs du d\u00e9partement sont en train de subir ce ph\u00e9nom\u00e8ne m\u00e9t\u00e9orologique. Pour limiter les d\u00e9g\u00e2ts, la pr\u00e9fecture a plac\u00e9 neuf zones au niveau d\u2019\u00a0\u00bbalerte\u00a0\u00bb (niveau 2 sur 4).<\/p>\n<p>Il s\u2019agit des bassins versants de l&rsquo;Isle Cr\u00e9mieu, de Paladru-Fure et des Chambarans ; des eaux superficielles de Bi\u00e8vre-Liers-Valloire ; des eaux souterraines des Chambarans ; des massifs de Belledonne, Chartreuse-Guiers, Vercors et Tri\u00e8ves-Matheysine. Tous les autres secteurs de l\u2019Is\u00e8re sont maintenus au niveau le plus bas, celui de la vigilance.<\/p>\n<p>Cela implique donc pour les habitants plusieurs restrictions d\u2019eau. Pour les piscines, la vidange et le remplissage des piscines sont interdits, seule la premi\u00e8re mise en eau est autoris\u00e9e de 23h \u00e0 7h. Il est prohib\u00e9 de laver sa voiture \u00e0 son domicile, de nettoyer les surfaces imperm\u00e9abilis\u00e9es.<\/p>\n<p>En ce qui concerne les arrosages, il est autoris\u00e9 de les faire sur les v\u00e9g\u00e9taux entre 11h et 18h. En revanche, durant ce m\u00eame cr\u00e9neau horaire, il est interdit d\u2019arroser les jardins potagers.<\/p>\n","protected":false},"excerpt":{"rendered":"Cela fait plusieurs semaines que le d\u00e9partement de l\u2019Is\u00e8re traverse une vague de chaleur importante. Probl\u00e8me, ces conditions&hellip;\n","protected":false},"author":2,"featured_media":256145,"comment_status":"","ping_status":"","sticky":false,"template":"","format":"standard","meta":{"footnotes":""},"categories":[9566],"tags":[1111,11,7733,8279,2430,7736,650,7734,2889,2263,1777,674,1011,27,2731,8280,6417,1114,108,4662,12,3725,1825,25,7737],"class_list":{"0":"post-256144","1":"post","2":"type-post","3":"status-publish","4":"format-standard","5":"has-post-thumbnail","7":"category-grenoble","8":"tag-actu","9":"tag-actualites","10":"tag-alpes","11":"tag-alpes1","12":"tag-auvergne-rhone-alpes","13":"tag-cds","14":"tag-cinema","15":"tag-ecoute","16":"tag-emission","17":"tag-equipe","18":"tag-eu","19":"tag-europe","20":"tag-fr","21":"tag-france","22":"tag-grenoble","23":"tag-haute","24":"tag-information","25":"tag-infos","26":"tag-isere","27":"tag-journal","28":"tag-news","29":"tag-podcast","30":"tag-radio","31":"tag-republique-francaise","32":"tag-winamp"},"share_on_mastodon":{"url":"https:\/\/pubeurope.com\/@fr\/114873807971283247","error":""},"_links":{"self":[{"href":"https:\/\/www.europesays.com\/fr\/wp-json\/wp\/v2\/posts\/256144","targetHints":{"allow":["GET"]}}],"collection":[{"href":"https:\/\/www.europesays.com\/fr\/wp-json\/wp\/v2\/posts"}],"about":[{"href":"https:\/\/www.europesays.com\/fr\/wp-json\/wp\/v2\/types\/post"}],"author":[{"embeddable":true,"href":"https:\/\/www.europesays.com\/fr\/wp-json\/wp\/v2\/users\/2"}],"replies":[{"embeddable":true,"href":"https:\/\/www.europesays.com\/fr\/wp-json\/wp\/v2\/comments?post=256144"}],"version-history":[{"count":0,"href":"https:\/\/www.europesays.com\/fr\/wp-json\/wp\/v2\/posts\/256144\/revisions"}],"wp:featuredmedia":[{"embeddable":true,"href":"https:\/\/www.europesays.com\/fr\/wp-json\/wp\/v2\/media\/256145"}],"wp:attachment":[{"href":"https:\/\/www.europesays.com\/fr\/wp-json\/wp\/v2\/media?parent=256144"}],"wp:term":[{"taxonomy":"category","embeddable":true,"href":"https:\/\/www.europesays.com\/fr\/wp-json\/wp\/v2\/categories?post=256144"},{"taxonomy":"post_tag","embeddable":true,"href":"https:\/\/www.europesays.com\/fr\/wp-json\/wp\/v2\/tags?post=256144"}],"curies":[{"name":"wp","href":"https:\/\/api.w.org\/{rel}","templated":true}]}}