{"id":256146,"date":"2025-07-18T10:39:12","date_gmt":"2025-07-18T10:39:12","guid":{"rendered":"https:\/\/www.europesays.com\/fr\/256146\/"},"modified":"2025-07-18T10:39:12","modified_gmt":"2025-07-18T10:39:12","slug":"quand-lavenir-du-papier-secrit-a-grenoble-un-laboratoire-commun-dedie-aux-materiaux-cellulosiques-intelligents-et-durables","status":"publish","type":"post","link":"https:\/\/www.europesays.com\/fr\/256146\/","title":{"rendered":"Quand l\u2019avenir du papier s\u2019\u00e9crit \u00e0 Grenoble : un laboratoire commun d\u00e9di\u00e9 aux mat\u00e9riaux cellulosiques intelligents et durables"},"content":{"rendered":"<p>  &#13;<br \/>\n&#13;<br \/>\n&#13;<br \/>\n&#13;<\/p>\n<p>    Quand l\u2019avenir du papier s\u2019\u00e9crit \u00e0 Grenoble : un laboratoire commun d\u00e9di\u00e9 aux mat\u00e9riaux cellulosiques intelligents et durables | CNRS<\/p>\n<p>        <a href=\"#main-content\" class=\"visually-hidden focusable skip-link\"><br \/>\n      Aller au contenu principal<br \/>\n    <\/a><\/p>\n<p>      <a id=\"main-content\" tabindex=\"-1\"\/>      \t\t\t<\/p>\n<p>    <img decoding=\"async\" loading=\"lazy\" src=\"https:\/\/www.europesays.com\/fr\/wp-content\/uploads\/2025\/07\/Inauguration laboratoire commun @Antoine Julien-LGP2.jpg\" width=\"290\" height=\"290\" alt=\"\" class=\"image-style-top-left\"\/><\/p>\n<p>\u00a9 Antoine Julien \/ LGP2 <\/p>\n<p>    Fil d&rsquo;Ariane<\/p>\n<ol>\n<li>\n                  <a href=\"https:\/\/www.cnrs.fr\/fr\" class=\"\" target=\"_blank\" rel=\"noopener\">Accueil<\/a>\n              <\/li>\n<li>\n                  <a href=\"https:\/\/www.cnrs.fr\/fr\/newsroom?field_source_target_id%5B0%5D=354\" class=\"\" target=\"_blank\" rel=\"noopener\">Espace presse<\/a>\n              <\/li>\n<\/ol>\n<p> 18 juillet 2025\n<\/p>\n<p>Innovation<\/p>\n<p>Institutionnel<\/p>\n<p><img decoding=\"async\" data-entity-type=\"file\" data-entity-uuid=\"a769a772-e333-4811-8449-faf7e7c8fa9e\" height=\"1333\" src=\"https:\/\/www.europesays.com\/fr\/wp-content\/uploads\/2025\/07\/1752835152_8_Inauguration laboratoire commun @Antoine Julien-LGP2.jpg\" width=\"2000\" loading=\"lazy\"\/><br \/>\nDe gauche \u00e0 droite : Melchior Faure, charg\u00e9 de d\u00e9veloppement des laboratoires communs aupr\u00e8s des entreprises au CNRS ; Eirini Sarigiannidou, directrice scientifique de Grenoble INP &#8211; UGA ; Nad\u00e8ge Reverdy &#8211; Bruas, directrice du laboratoire commun, professeure de Grenoble INP &#8211; Pagora, UGA et LGP2 ; Julien Bras, directeur adjoint du laboratoire commun, professeur Grenoble INP &#8211; Pagora, UGA et LGP2 \u00a0; Ga\u00ebl Despr\u00e9s, Senior Innovation &amp; Grenoble R&amp;D Center Manager de Fedrigoni ; Anne Blayo, directrice du laboratoire LGP2.<\/p>\n<p>    Autres communiqu\u00e9s de presse :<\/p>\n","protected":false},"excerpt":{"rendered":"&#13; &#13; &#13; &#13; Quand l\u2019avenir du papier s\u2019\u00e9crit \u00e0 Grenoble : un laboratoire commun d\u00e9di\u00e9 aux mat\u00e9riaux&hellip;\n","protected":false},"author":2,"featured_media":256147,"comment_status":"","ping_status":"","sticky":false,"template":"","format":"standard","meta":{"footnotes":""},"categories":[9566],"tags":[1111,11,2430,1777,674,1011,27,2731,5701,4067,12,25],"class_list":{"0":"post-256146","1":"post","2":"type-post","3":"status-publish","4":"format-standard","5":"has-post-thumbnail","7":"category-grenoble","8":"tag-actu","9":"tag-actualites","10":"tag-auvergne-rhone-alpes","11":"tag-eu","12":"tag-europe","13":"tag-fr","14":"tag-france","15":"tag-grenoble","16":"tag-innovation","17":"tag-institutionnel","18":"tag-news","19":"tag-republique-francaise"},"share_on_mastodon":{"url":"https:\/\/pubeurope.com\/@fr\/114873811932316010","error":""},"_links":{"self":[{"href":"https:\/\/www.europesays.com\/fr\/wp-json\/wp\/v2\/posts\/256146","targetHints":{"allow":["GET"]}}],"collection":[{"href":"https:\/\/www.europesays.com\/fr\/wp-json\/wp\/v2\/posts"}],"about":[{"href":"https:\/\/www.europesays.com\/fr\/wp-json\/wp\/v2\/types\/post"}],"author":[{"embeddable":true,"href":"https:\/\/www.europesays.com\/fr\/wp-json\/wp\/v2\/users\/2"}],"replies":[{"embeddable":true,"href":"https:\/\/www.europesays.com\/fr\/wp-json\/wp\/v2\/comments?post=256146"}],"version-history":[{"count":0,"href":"https:\/\/www.europesays.com\/fr\/wp-json\/wp\/v2\/posts\/256146\/revisions"}],"wp:featuredmedia":[{"embeddable":true,"href":"https:\/\/www.europesays.com\/fr\/wp-json\/wp\/v2\/media\/256147"}],"wp:attachment":[{"href":"https:\/\/www.europesays.com\/fr\/wp-json\/wp\/v2\/media?parent=256146"}],"wp:term":[{"taxonomy":"category","embeddable":true,"href":"https:\/\/www.europesays.com\/fr\/wp-json\/wp\/v2\/categories?post=256146"},{"taxonomy":"post_tag","embeddable":true,"href":"https:\/\/www.europesays.com\/fr\/wp-json\/wp\/v2\/tags?post=256146"}],"curies":[{"name":"wp","href":"https:\/\/api.w.org\/{rel}","templated":true}]}}