{"id":256150,"date":"2025-07-18T10:41:16","date_gmt":"2025-07-18T10:41:16","guid":{"rendered":"https:\/\/www.europesays.com\/fr\/256150\/"},"modified":"2025-07-18T10:41:16","modified_gmt":"2025-07-18T10:41:16","slug":"le-camion-du-reparateur-de-cameras-de-surveillance-incendie-le-conservatoire-a-failli-bruler","status":"publish","type":"post","link":"https:\/\/www.europesays.com\/fr\/256150\/","title":{"rendered":"Le camion du r\u00e9parateur de cam\u00e9ras de surveillance incendi\u00e9, le conservatoire a failli br\u00fbler"},"content":{"rendered":"<p><strong>au feu &#8211; Au Blosne, un v\u00e9hicule en feu a ab\u00eem\u00e9 le tout nouveau conservatoire<\/strong><\/p>\n<p>Un b\u00e2timent quasi neuf. Livr\u00e9 en\u00a02021 <a href=\"https:\/\/www.francebleu.fr\/infos\/societe\/photos-decouvrez-le-nouveau-conservatoire-de-rennes-dans-le-quartier-du-blosne-1633801277?at_medium=RSS%20feed&amp;at_campaign=ynews&amp;utm_source=yahoo&amp;utm_medium=rss&amp;utm_campaign=news_feed&amp;utm_content=in_article_link\" rel=\"nofollow noopener\" target=\"_blank\" data-ylk=\"slk:pour un co\u00fbt de 20\u00a0millions d\u2019euros;elm:context_link;itc:0;sec:content-canvas\" class=\"link \">pour un co\u00fbt de 20\u00a0millions d\u2019euros<\/a>, le nouveau conservatoire de <a href=\"https:\/\/www.20minutes.fr\/rennes\/?at_medium=RSS%20feed&amp;at_campaign=ynews&amp;utm_source=yahoo&amp;utm_medium=rss&amp;utm_campaign=news_feed&amp;utm_content=in_article_link\" rel=\"nofollow noopener\" target=\"_blank\" data-ylk=\"slk:Rennes;elm:context_link;itc:0;sec:content-canvas\" class=\"link \">Rennes <\/a>a eu chaud jeudi. Sans l\u2019intervention rapide des pompiers, un feu aurait pu ravager le b\u00e2timent, implant\u00e9 sur la place Jean-Normand, au c\u0153ur du quartier populaire du Blosne. Les secours ont \u00e9t\u00e9 rapidement d\u00e9ploy\u00e9s pour ma\u00eetriser l\u2019incendie d\u2019un v\u00e9hicule utilitaire gar\u00e9 juste devant l\u2019entr\u00e9e du conservatoire. Et selon la police, cet incendie \u00e9tait tout sauf un accident.<\/p>\n<p>D\u2019apr\u00e8s une source polici\u00e8re, plusieurs t\u00e9moins ont vu des jeunes en trottinette balancer des projectiles en direction de ce v\u00e9hicule. Des cocktails molotov\u00a0? Trop t\u00f4t pour le dire mais l\u2019hypoth\u00e8se est cr\u00e9dible. Car le v\u00e9hicule en question \u00e9tait celui d\u2019un technicien charg\u00e9 de l\u2019entretien et de la r\u00e9paration des cam\u00e9ras de vid\u00e9osurveillance install\u00e9es devant le conservatoire. Sur les images capt\u00e9es par Ouest-France, on voit le v\u00e9hicule s\u2019embraser et les flammes attaquer la fa\u00e7ade du tout nouveau b\u00e2timent culturel.<\/p>\n<p>Les suspects recherch\u00e9s<\/p>\n<p>Une enqu\u00eate a \u00e9t\u00e9 ouverte pour tenter de d\u00e9terminer les circonstances de cet incendie. Les personnes soup\u00e7onn\u00e9es du caillassage sont activement recherch\u00e9es. Ce vendredi matin, aucune interpellation n\u2019avait encore eu lieu.<\/p>\n<p><a href=\"https:\/\/www.20minutes.fr\/faits_divers\/4164215-20250718-rennes-camion-reparateur-cameras-surveillance-incendie-conservatoire-failli-bruler?at_medium=RSS%20feed&amp;at_campaign=ynews&amp;utm_source=yahoo&amp;utm_medium=rss&amp;utm_campaign=news_feed&amp;utm_content=read_more_link&quot;\" rel=\"nofollow noopener\" target=\"_blank\" data-ylk=\"slk:Lire la suite sur 20minutes;elm:context_link;itc:0;sec:content-canvas\" class=\"link \">Lire la suite sur 20minutes<\/a><\/p>\n<p>\u00c0 lire aussi :<br \/><a href=\"https:\/\/www.20minutes.fr\/faits_divers\/faits-divers-rennes\/4164147-20250717-rennes-homme-tue-sautant-uvre-art-vilaine?at_medium=RSS%20feed&amp;at_campaign=ynews&amp;utm_source=yahoo&amp;utm_medium=rss&amp;utm_campaign=news_feed&amp;utm_content=related_content_link\" rel=\"nofollow noopener\" target=\"_blank\" data-ylk=\"slk:Rennes\u00a0: Un homme se tue en sautant d\u2019une \u0153uvre d\u2019art sur la Vilaine;elm:context_link;itc:0;sec:content-canvas\" class=\"link \">Rennes\u00a0: Un homme se tue en sautant d\u2019une \u0153uvre d\u2019art sur la Vilaine<\/a><br \/><a href=\"https:\/\/www.20minutes.fr\/faits_divers\/faits-divers-rennes\/4164069-20250717-ille-vilaine-corps-etat-decomposition-retrouve-fosse-enquete-cours?at_medium=RSS%20feed&amp;at_campaign=ynews&amp;utm_source=yahoo&amp;utm_medium=rss&amp;utm_campaign=news_feed&amp;utm_content=related_content_link\" rel=\"nofollow noopener\" target=\"_blank\" data-ylk=\"slk:Ille-et-Vilaine\u00a0: Un corps en \u00e9tat de d\u00e9composition retrouv\u00e9 dans un foss\u00e9, une enqu\u00eate en cours;elm:context_link;itc:0;sec:content-canvas\" class=\"link \">Ille-et-Vilaine\u00a0: Un corps en \u00e9tat de d\u00e9composition retrouv\u00e9 dans un foss\u00e9, une enqu\u00eate en cours<\/a><\/p>\n","protected":false},"excerpt":{"rendered":"au feu &#8211; Au Blosne, un v\u00e9hicule en feu a ab\u00eem\u00e9 le tout nouveau conservatoire Un b\u00e2timent quasi&hellip;\n","protected":false},"author":2,"featured_media":256151,"comment_status":"","ping_status":"","sticky":false,"template":"","format":"standard","meta":{"footnotes":""},"categories":[2821],"tags":[1111,11,8765,829,27905,1777,674,1011,27,12,584,25,39609],"class_list":{"0":"post-256150","1":"post","2":"type-post","3":"status-publish","4":"format-standard","5":"has-post-thumbnail","7":"category-rennes","8":"tag-actu","9":"tag-actualites","10":"tag-blosne","11":"tag-bretagne","12":"tag-conservatoire","13":"tag-eu","14":"tag-europe","15":"tag-fr","16":"tag-france","17":"tag-news","18":"tag-rennes","19":"tag-republique-francaise","20":"tag-vehicule-utilitaire"},"share_on_mastodon":{"url":"https:\/\/pubeurope.com\/@fr\/114873819673974569","error":""},"_links":{"self":[{"href":"https:\/\/www.europesays.com\/fr\/wp-json\/wp\/v2\/posts\/256150","targetHints":{"allow":["GET"]}}],"collection":[{"href":"https:\/\/www.europesays.com\/fr\/wp-json\/wp\/v2\/posts"}],"about":[{"href":"https:\/\/www.europesays.com\/fr\/wp-json\/wp\/v2\/types\/post"}],"author":[{"embeddable":true,"href":"https:\/\/www.europesays.com\/fr\/wp-json\/wp\/v2\/users\/2"}],"replies":[{"embeddable":true,"href":"https:\/\/www.europesays.com\/fr\/wp-json\/wp\/v2\/comments?post=256150"}],"version-history":[{"count":0,"href":"https:\/\/www.europesays.com\/fr\/wp-json\/wp\/v2\/posts\/256150\/revisions"}],"wp:featuredmedia":[{"embeddable":true,"href":"https:\/\/www.europesays.com\/fr\/wp-json\/wp\/v2\/media\/256151"}],"wp:attachment":[{"href":"https:\/\/www.europesays.com\/fr\/wp-json\/wp\/v2\/media?parent=256150"}],"wp:term":[{"taxonomy":"category","embeddable":true,"href":"https:\/\/www.europesays.com\/fr\/wp-json\/wp\/v2\/categories?post=256150"},{"taxonomy":"post_tag","embeddable":true,"href":"https:\/\/www.europesays.com\/fr\/wp-json\/wp\/v2\/tags?post=256150"}],"curies":[{"name":"wp","href":"https:\/\/api.w.org\/{rel}","templated":true}]}}