{"id":25616,"date":"2025-04-15T01:29:12","date_gmt":"2025-04-15T01:29:12","guid":{"rendered":"https:\/\/www.europesays.com\/fr\/25616\/"},"modified":"2025-04-15T01:29:12","modified_gmt":"2025-04-15T01:29:12","slug":"lyon-une-iranienne-arretee-et-mise-en-examen-pour-apologie-du-terrorisme","status":"publish","type":"post","link":"https:\/\/www.europesays.com\/fr\/25616\/","title":{"rendered":"Lyon : une Iranienne arr\u00eat\u00e9e et mise en examen pour apologie du terrorisme"},"content":{"rendered":"<p>                                            Faits divers\n                                                                            <\/p>\n<p>\n                                            Mahdieh Esfandiari, une Iranienne de 35 ans r\u00e9sidant \u00e0 Lyon, a \u00e9t\u00e9 plac\u00e9e en examen et incarc\u00e9r\u00e9e en France depuis un mois et demi pour apologie du terrorisme, a annonc\u00e9 le parquet de Paris le samedi 12 avril.                                        <\/p>\n<p>                                                Publi\u00e9 le 13 avril 2025 \u00e0 22h40                                                                                            <\/p>\n<p>                                            <img loading=\"lazy\" width=\"1024\" height=\"734\" src=\"https:\/\/www.europesays.com\/fr\/wp-content\/uploads\/2025\/04\/SIPA_01108779_000006.jpg\" class=\"attachment-post-thumbnail size-post-thumbnail wp-post-image lazy\" alt=\"Photo d'illustration \u00a9 Mourad ALLILI\/SIPA\" decoding=\"async\"  data-\/><\/p>\n<p>                                            Photo d&rsquo;illustration \u00a9 Mourad ALLILI\/SIPA<\/p>\n<p class=\"\" data-start=\"91\" data-end=\"570\">La ressortissante iranienne, dont T\u00e9h\u00e9ran avait sollicit\u00e9 des informations en pressant le gouvernement fran\u00e7ais de \u00ab clarifier \u00bb les raisons de son arrestation, a \u00e9t\u00e9 mise en examen et incarc\u00e9r\u00e9e pour <a href=\"https:\/\/www.valeursactuelles.com\/faits-divers\/ce-college-sera-attaque-par-daesh-le-11-septembre-2025-un-ado-de-treize-ans-interpelle-pour-menaces-et-apologie-du-terrorisme\" target=\"_blank\" rel=\"noopener\">apologie du terrorisme<\/a>, a indiqu\u00e9 samedi le parquet de Paris. Le P\u00f4le national de lutte contre la haine en ligne (PNLH) a ouvert une enqu\u00eate le 7 novembre 2024 pour apologie publique du terrorisme en ligne, a pr\u00e9cis\u00e9 le parquet, confirmant ainsi une information de <a href=\"https:\/\/www.francetvinfo.fr\/monde\/iran\/une-iranienne-poursuivie-pour-apologie-du-terrorisme-et-incarceree-depuis-plus-d-un-mois-en-france_7184373.html\" target=\"_blank\" rel=\"noopener\">franceinfo.<\/a><\/p>\n<p><a href=\"https:\/\/www.valeursactuelles.com\/politique\/une-nouvelle-plainte-pour-apologie-du-terrorisme-deposee-a-lencontre-de-leurodeputee-lfi-rima-hassan\" class=\"h-flex h-align-items-center h-border-tb h-ptb-15\" target=\"_blank\" rel=\"noopener\">A\u00a0LIRE\u00a0Une nouvelle plainte pour \u00ab\u00a0apologie du terrorisme\u00a0\u00bb d\u00e9pos\u00e9e \u00e0 l\u2019encontre de l\u2019eurod\u00e9put\u00e9e LFI Rima Hassan<\/a><\/p>\n<p class=\"\" data-start=\"572\" data-end=\"805\">Les investigations sont men\u00e9es pour \u00ab provocation en ligne au terrorisme, injures \u00e0 raison de l\u2019origine, la religion, et refus de donner les codes de d\u00e9verrouillage relatifs \u00e0 plusieurs cha\u00eenes de r\u00e9seaux sociaux (X et Telegram) \u00bb.<\/p>\n<p class=\"\" data-start=\"807\" data-end=\"1254\">L\u2019affaire a d\u00e9but\u00e9 le 30 octobre 2023, lorsque le P\u00f4le national de lutte contre la haine en ligne (PNLH) a \u00e9t\u00e9 inform\u00e9 d\u2019un signalement du ministre de l\u2019Int\u00e9rieur concernant les publications d\u2019un compte Telegram, selon le minist\u00e8re public. Ce compte faisait \u00ab l\u2019apologie des attentats commis en Isra\u00ebl le 7 octobre 2023, incitait \u00e0 des actes de terrorisme et tenait des propos injurieux \u00e0 l\u2019encontre de la communaut\u00e9 juive \u00bb, pr\u00e9cise le parquet.<\/p>\n<p>Install\u00e9e \u00e0 Lyon depuis huit ans<\/p>\n<p class=\"\" data-start=\"1294\" data-end=\"1558\">\u00ab Deux membres de ce collectif actif investis dans la diffusion de la propagande apolog\u00e9tique et provoquant au terrorisme ont \u00e9t\u00e9 identifi\u00e9s et interpell\u00e9s le 28 f\u00e9vrier 2025 \u00bb, dont Mahdieh Esfandiari. Ces deux personnes ont \u00e9t\u00e9 plac\u00e9es en d\u00e9tention provisoire.<\/p>\n<p class=\"\" data-start=\"1560\" data-end=\"2149\">Mahdieh Esfandiari, une Iranienne de 35 ans dipl\u00f4m\u00e9e en langue fran\u00e7aise et install\u00e9e \u00e0 Lyon depuis huit ans, a fait l\u2019objet d\u2019une inqui\u00e9tude croissante de la part de sa famille, qui, n\u2019ayant plus de ses nouvelles, a alert\u00e9 les autorit\u00e9s iraniennes d\u00e9but mars. Celles-ci ont ensuite contact\u00e9 leurs homologues fran\u00e7ais, selon l\u2019hebdomadaire. Le 7 avril, le porte-parole de la diplomatie iranienne, Esma\u00efl Bagha\u00ef, avait d\u00e9clar\u00e9 : \u00ab Nous esp\u00e9rons que le gouvernement fran\u00e7ais donnera au plus vite acc\u00e8s \u00e0 ce dossier et clarifiera les raisons de l\u2019arrestation de cette citoyenne iranienne. \u00bb<\/p>\n<p class=\"\" data-start=\"2151\" data-end=\"2426\">L\u2019Iran, qui d\u00e9tient <a href=\"https:\/\/www.valeursactuelles.com\/monde\/lotage-francais-olivier-grondeau-detenu-en-iran-depuis-2022-a-ete-libere\" target=\"_blank\" rel=\"noopener\">une vingtaine de ressortissants occidentaux<\/a> ou binationaux, est accus\u00e9 par leurs soutiens, des ONG et des chancelleries occidentales de les utiliser comme monnaie d\u2019\u00e9change, bien que, officiellement, leur lib\u00e9ration ne soit associ\u00e9e \u00e0 aucune contrepartie.<\/p>\n","protected":false},"excerpt":{"rendered":"Faits divers Mahdieh Esfandiari, une Iranienne de 35 ans r\u00e9sidant \u00e0 Lyon, a \u00e9t\u00e9 plac\u00e9e en examen et&hellip;\n","protected":false},"author":2,"featured_media":25617,"comment_status":"","ping_status":"","sticky":false,"template":"","format":"standard","meta":{"footnotes":""},"categories":[1889],"tags":[1111,11,9205,2441,2430,1777,674,1011,27,3019,2428,5117,12,25],"class_list":{"0":"post-25616","1":"post","2":"type-post","3":"status-publish","4":"format-standard","5":"has-post-thumbnail","7":"category-lyon","8":"tag-actu","9":"tag-actualites","10":"tag-apologie-du-terrorisme","11":"tag-arrestation","12":"tag-auvergne-rhone-alpes","13":"tag-eu","14":"tag-europe","15":"tag-fr","16":"tag-france","17":"tag-iran","18":"tag-lyon","19":"tag-mise-en-examen","20":"tag-news","21":"tag-republique-francaise"},"share_on_mastodon":{"url":"https:\/\/pubeurope.com\/@fr\/114339391993512705","error":""},"_links":{"self":[{"href":"https:\/\/www.europesays.com\/fr\/wp-json\/wp\/v2\/posts\/25616","targetHints":{"allow":["GET"]}}],"collection":[{"href":"https:\/\/www.europesays.com\/fr\/wp-json\/wp\/v2\/posts"}],"about":[{"href":"https:\/\/www.europesays.com\/fr\/wp-json\/wp\/v2\/types\/post"}],"author":[{"embeddable":true,"href":"https:\/\/www.europesays.com\/fr\/wp-json\/wp\/v2\/users\/2"}],"replies":[{"embeddable":true,"href":"https:\/\/www.europesays.com\/fr\/wp-json\/wp\/v2\/comments?post=25616"}],"version-history":[{"count":0,"href":"https:\/\/www.europesays.com\/fr\/wp-json\/wp\/v2\/posts\/25616\/revisions"}],"wp:featuredmedia":[{"embeddable":true,"href":"https:\/\/www.europesays.com\/fr\/wp-json\/wp\/v2\/media\/25617"}],"wp:attachment":[{"href":"https:\/\/www.europesays.com\/fr\/wp-json\/wp\/v2\/media?parent=25616"}],"wp:term":[{"taxonomy":"category","embeddable":true,"href":"https:\/\/www.europesays.com\/fr\/wp-json\/wp\/v2\/categories?post=25616"},{"taxonomy":"post_tag","embeddable":true,"href":"https:\/\/www.europesays.com\/fr\/wp-json\/wp\/v2\/tags?post=25616"}],"curies":[{"name":"wp","href":"https:\/\/api.w.org\/{rel}","templated":true}]}}