{"id":256160,"date":"2025-07-18T10:46:09","date_gmt":"2025-07-18T10:46:09","guid":{"rendered":"https:\/\/www.europesays.com\/fr\/256160\/"},"modified":"2025-07-18T10:46:09","modified_gmt":"2025-07-18T10:46:09","slug":"drogues-armes-gilet-pare-balles-il-cachait-un-trafic-dans-son-appartement-pres-de-nantes","status":"publish","type":"post","link":"https:\/\/www.europesays.com\/fr\/256160\/","title":{"rendered":"Drogues, armes, gilet pare-balles&#8230; Il cachait un trafic dans son appartement pr\u00e8s de Nantes"},"content":{"rendered":"<p>            Par<br \/>\n        <strong><br \/>\n            <a href=\"https:\/\/actu.fr\/auteur\/thomas-bernard\" title=\"Consulter tous les articles de Thomas Bernard\" rel=\"nofollow noopener\" target=\"_blank\">Thomas Bernard<\/a><br \/>\n        <\/strong><\/p>\n<p>        Publi\u00e9 le<\/p>\n<p>            18 juil. 2025 \u00e0 12h02        <\/p>\n<p>Aux alentours de 10h30, <strong>ce mercredi 16\u00a0juillet 2025<\/strong>, un huissier de justice proc\u00e8de \u00e0 une expulsion locative dans un appartement rue de Beauvais \u00e0 <strong>Saint-Herblain<\/strong>, pr\u00e8s de Nantes.<br \/>Sentant une odeur de cannabis dans le logement, l\u2019huissier appelle la police.<\/p>\n<p class=\" wall-content\">Au cours de la perquisition, les policiers d\u00e9couvrent <strong>un \u00ab\u00a0appartement nourrice\u00a0\u00bb pour le trafic de drogue<\/strong>.<\/p>\n<p>C&rsquo;est quoi un appartement nourrice ? <\/p>\n<p>Ce sont des appartements o\u00f9 les trafiquants stockent les stup\u00e9fiants, leur marchandise, leur argent ou des documents. Les personnes sont contraintes ou volontaires pour \u00ab\u00a0loger\u00a0\u00bb ces \u00e9l\u00e9ments \u00e0 leur domicile contre une r\u00e9mun\u00e9ration.<\/p>\n<p>Des armes, de la drogue et un gilet pare-balles de la gendarmerie<\/p>\n<p class=\" wall-content\">Dans l\u2019appartement, les policiers retrouvent\u2009: deux armes de poing (7.65 mm et 9\u00a0mm), des pi\u00e8ces d\u2019identit\u00e9 falsifi\u00e9es, <strong>2 kilos de cannabis<\/strong>, 364 grammes de coca\u00efne, 724 grammes d\u2019h\u00e9ro\u00efne et 98 grammes d\u2019ecstasy. Deux scooters (sans plaque) ont \u00e9galement \u00e9t\u00e9 saisis dans le local \u00e0 v\u00e9lo du locataire.<\/p>\n<p class=\" wall-content\">Autre trouvaille\u2009: <strong>un gilet pare-balles de la gendarmerie<\/strong>. \u00ab\u2009La housse du gilet est vraie mais la plaque nominative gendarmerie est fausse\u2009\u00bb, pr\u00e9cise une source polici\u00e8re.<\/p>\n<p>Vid\u00e9os : en ce moment sur Actu<\/p>\n<p class=\" wall-content\"><strong>Le locataire du logement est \u00e2g\u00e9 de 46 ans<\/strong>. Connu des services de police, le quadrag\u00e9naire, toxicomane au crack, a \u00e9t\u00e9 interpell\u00e9. Interrog\u00e9 par les enqu\u00eateurs, il reconna\u00eet servir \u00ab\u2009d\u2019appartement nourrice\u2009\u00bb pour le trafic de drogue.<\/p>\n<p class=\" wall-content\">Suivez toute l\u2019actualit\u00e9 de vos villes et m\u00e9dias favoris en vous inscrivant \u00e0 <a href=\"https:\/\/moncompte.actu.fr\" title=\"D\u00e9couvez Mon Actu\" rel=\"nofollow noopener\" data-trk=\"{&quot;cta&quot;:{&quot;action&quot;:&quot;https:\\\/\\\/moncompte.actu.fr&quot;,&quot;category&quot;:&quot;mon compte&quot;,&quot;from&quot;:&quot;article footer&quot;,&quot;name&quot;:&quot;Mon actu&quot;,&quot;type&quot;:&quot;cta&quot;}}\" target=\"_blank\">Mon Actu<\/a>.<\/p>\n","protected":false},"excerpt":{"rendered":"Par Thomas Bernard Publi\u00e9 le 18 juil. 2025 \u00e0 12h02 Aux alentours de 10h30, ce mercredi 16\u00a0juillet 2025,&hellip;\n","protected":false},"author":2,"featured_media":256161,"comment_status":"","ping_status":"","sticky":false,"template":"","format":"standard","meta":{"footnotes":""},"categories":[2818],"tags":[1111,11,1052,1777,674,118,1011,27,303,766,12,2636,1072,25],"class_list":{"0":"post-256160","1":"post","2":"type-post","3":"status-publish","4":"format-standard","5":"has-post-thumbnail","7":"category-nantes","8":"tag-actu","9":"tag-actualites","10":"tag-drogue","11":"tag-eu","12":"tag-europe","13":"tag-faits-divers","14":"tag-fr","15":"tag-france","16":"tag-justice","17":"tag-nantes","18":"tag-news","19":"tag-pays-de-la-loire","20":"tag-police","21":"tag-republique-francaise"},"share_on_mastodon":{"url":"https:\/\/pubeurope.com\/@fr\/114873839329200424","error":""},"_links":{"self":[{"href":"https:\/\/www.europesays.com\/fr\/wp-json\/wp\/v2\/posts\/256160","targetHints":{"allow":["GET"]}}],"collection":[{"href":"https:\/\/www.europesays.com\/fr\/wp-json\/wp\/v2\/posts"}],"about":[{"href":"https:\/\/www.europesays.com\/fr\/wp-json\/wp\/v2\/types\/post"}],"author":[{"embeddable":true,"href":"https:\/\/www.europesays.com\/fr\/wp-json\/wp\/v2\/users\/2"}],"replies":[{"embeddable":true,"href":"https:\/\/www.europesays.com\/fr\/wp-json\/wp\/v2\/comments?post=256160"}],"version-history":[{"count":0,"href":"https:\/\/www.europesays.com\/fr\/wp-json\/wp\/v2\/posts\/256160\/revisions"}],"wp:featuredmedia":[{"embeddable":true,"href":"https:\/\/www.europesays.com\/fr\/wp-json\/wp\/v2\/media\/256161"}],"wp:attachment":[{"href":"https:\/\/www.europesays.com\/fr\/wp-json\/wp\/v2\/media?parent=256160"}],"wp:term":[{"taxonomy":"category","embeddable":true,"href":"https:\/\/www.europesays.com\/fr\/wp-json\/wp\/v2\/categories?post=256160"},{"taxonomy":"post_tag","embeddable":true,"href":"https:\/\/www.europesays.com\/fr\/wp-json\/wp\/v2\/tags?post=256160"}],"curies":[{"name":"wp","href":"https:\/\/api.w.org\/{rel}","templated":true}]}}