{"id":256171,"date":"2025-07-18T10:52:09","date_gmt":"2025-07-18T10:52:09","guid":{"rendered":"https:\/\/www.europesays.com\/fr\/256171\/"},"modified":"2025-07-18T10:52:09","modified_gmt":"2025-07-18T10:52:09","slug":"pres-de-lille-un-village-medieval-en-musique-entre-combats-depees-et-dj-sets-electro-ce-week-end","status":"publish","type":"post","link":"https:\/\/www.europesays.com\/fr\/256171\/","title":{"rendered":"Pr\u00e8s de Lille, un \u00ab village m\u00e9di\u00e9val en musique \u00bb, entre combats d\u2019\u00e9p\u00e9es et DJ sets \u00e9lectro, ce week-end"},"content":{"rendered":"<p>            Par<br \/>\n        <strong><br \/>\n            <a href=\"https:\/\/actu.fr\/auteur\/amandine-vachez\" title=\"Consulter tous les articles de Amandine Vachez\" rel=\"nofollow noopener\" target=\"_blank\">Amandine Vachez<\/a><br \/>\n        <\/strong><\/p>\n<p>        Publi\u00e9 le<\/p>\n<p>            18 juil. 2025 \u00e0 11h44        <\/p>\n<p>Ce ne sera pas une<b> \u00ab\u2009f\u00eate m\u00e9di\u00e9vale\u2009\u00bb<\/b> comme les autres. Le <b>week-end des samedi\u00a019 et dimanche 20\u00a0juillet 2025<\/b>, un \u00e9v\u00e9nement original s\u2019invite au parc de la Ramie, \u00e0 <b>Seclin<\/b> (Nord), dans la m\u00e9tropole de <a href=\"https:\/\/actu.fr\/lille\/\" rel=\"nofollow noopener\" target=\"_blank\">Lille<\/a>. Il s\u2019agit de la premi\u00e8re \u00e9dition du \u00ab\u2009village m\u00e9di\u00e9val en musique\u2009\u00bb, avec une partie<b> tr\u00e8s traditionnelle pour les familles<\/b>, et une<b> programmation musicale moderne<\/b>, cibl\u00e9e pour la jeunesse.<\/p>\n<p>Un espace m\u00e9di\u00e9val, avec d\u00e9monstrations et figurants<\/p>\n<p class=\" wall-content\">Ce sera la premi\u00e8re \u00e9dition de l\u2019\u00e9v\u00e9nement, port\u00e9 par l\u2019association nordiste Les enfants de la culture. Son pr\u00e9sident, Sylvain Co\u00efc, lui-m\u00eame DJ et sp\u00e9cialis\u00e9 dans l\u2019organisation d\u2019\u00e9v\u00e9nements, a voulu proposer une exp\u00e9rience singuli\u00e8re. \u00ab\u2009N\u00e9 d\u2019une passion commune pour la musique et l\u2019univers m\u00e9di\u00e9val, le village m\u00e9di\u00e9val en musique est une invitation \u00e0 voyager dans le temps. Con\u00e7u comme un v\u00e9ritable village \u00e9ph\u00e9m\u00e8re, il fusionne culture historique et ambiance musicale moderne\u2009\u00bb, pr\u00e9sente-t-il, par le biais de l\u2019association.<\/p>\n<p class=\" wall-content\">Concr\u00e8tement, sur place, dans la premi\u00e8re zone, un <b>grand espace sera consacr\u00e9 \u00e0 l\u2019univers m\u00e9di\u00e9val<\/b>, avec un<b> march\u00e9 d\u2019artisans, des combats d\u2019\u00e9p\u00e9es, des spectacles de rue<\/b>, <b>des ateliers d\u2019artisanat et des activit\u00e9s pour les enfants<\/b>. 300 figurants se chargeront de vous plonger dans l\u2019ambiance du Moyen-\u00c2ge, avec des <b>d\u00e9ambulations en costume d\u2019\u00e9poque<\/b>.<\/p>\n<p class=\" wall-content\"><a href=\"https:\/\/www.instagram.com\/p\/DLnKrVpsT4N\/embed\" title=\"Ouvrir le lien sur Instagram\" rel=\"nofollow noopener\" target=\"_blank\">Visualiser le contenu sur Instagram<\/a><\/p>\n<p>Un espace musique, entre rock et \u00e9lectro house<\/p>\n<p class=\" wall-content\">D\u2019un autre c\u00f4t\u00e9, une <b>sc\u00e8ne \u00e9clectique<\/b>. Toute une programmation musicale a \u00e9t\u00e9 savamment construite. Groupes de rock, DJ \u00e9lectro, funk, house\u2026 Il y en aura pour tous les go\u00fbts\u2009ou presque ! En <b>\u00ab\u2009guest-star\u2009\u00bb, Walshy Fire, DJ de Major Lazer<\/b>, est \u00e0 l\u2019affiche.<\/p>\n<p>    <a href=\"https:\/\/www.facebook.com\/plugins\/post.php?href=https%3A%2F%2Fwww.facebook.com%2Fpermalink.php%3Fstory_fbid%3Dpfbid0PNo7fLaXassCaQjiDaJnscwzUqLmfjpBHV6fgWxRM3AccWHwqH15yD8vMZGfnzRKl%26id%3D61576678310788&amp;show_text=true&amp;width=350\" title=\"Ouvrie le lien\" rel=\"nofollow noopener\" target=\"_blank\">Cliquez ici pour visualiser le contenu<\/a><\/p>\n<p>Vid\u00e9os : en ce moment sur Actu<\/p>\n<p class=\" wall-content\">En tout, <b>23 artistes, 13 associations, 200 commer\u00e7ants, 50 artisans, 300\u00a0exposants et 250\u00a0b\u00e9n\u00e9voles <\/b>seront mobilis\u00e9s sur ces deux jours. \u00ab\u2009C\u2019est assez in\u00e9dit et novateur, comme \u00e9v\u00e9nement\u2009\u00bb, souligne-t-on du c\u00f4t\u00e9 de l\u2019organisation, soutenue par la Ville, qui met \u00e0 disposition les lieux, Les 3 Brasseurs et d\u2019autres partenaires. Et son pr\u00e9sident d\u2019expliquer\u2009: \u00ab\u2009Chaque \u00e9v\u00e9nement que nous portons est<b> pens\u00e9 comme une immersion<\/b>\u2009: dans une ambiance, une \u00e9poque, un univers\u2026 O\u00f9 la cr\u00e9ation locale tient le premier r\u00f4le. Mettre en lumi\u00e8re les artistes, les artisans et les troupes qui font battre le c\u0153ur de nos communes, c\u2019est plus qu\u2019une mission\u2009: c\u2019est un engagement.\u2009\u00bb<\/p>\n<p class=\" wall-content\">Il y aura aussi sur place de quoi boire et manger, cela va sans dire. Il ne reste plus qu\u2019\u00e0 s\u2019y rendre pour voir le r\u00e9sultat.<\/p>\n<p>Infos pratiques\u2009: samedi 19\u00a0juillet de 11\u2009h\u200930 \u00e0 23\u2009h, dimanche 20\u00a0juillet, de 11\u2009h\u200930 \u00e0 23\u2009h au parc de la Ramie, rue des Martyrs \u00e0 Seclin. Tarif\u2009: 6\u00a0euros. Infos suppl\u00e9mentaires et r\u00e9servations <a href=\"https:\/\/my.weezevent.com\/village-medieval-en-musique-19072025?_gl=1%2A1sj008k%2A_gcl_au%2AMTE5NDg2MTk3NS4xNzQ0NTY3NDcxLjE1MDE5MDA4NzYuMTc0ODM3Mjc1MC4xNzQ4MzcyNzc1%2A_ga%2AMzU5ODE4NjI2LjE3MjY5MTg5NTU.%2A_ga_39H9VBFX7G%2AczE3NDgzNzI3MDMkbzQkZzEkdDE3NDgzNzQ4ODUkajUwJGwwJGg1ODIyNjY0NzEkZExZcDI2MUF2WnpqSGJKNU1mOWw1ajZ0YUp6UGJmMUdIamc.&amp;fbclid=IwY2xjawLmA9RleHRuA2FlbQIxMABicmlkETFmZkdCR0JocmQ4dW9MV3RNAR6o4YKcOc0z-aj6CXRb5wv49oqyKzZGPfb8xHLbt87iCw-TD4l9AMea1y5L2A_aem_3W3dxRLTFTr5KHYiFj2iUA\" rel=\"nofollow noopener\" target=\"_blank\">par ici<\/a>.<\/p>\n<p class=\" wall-content\">Suivez toute l\u2019actualit\u00e9 de vos villes et m\u00e9dias favoris en vous inscrivant \u00e0 <a href=\"https:\/\/moncompte.actu.fr\" title=\"D\u00e9couvez Mon Actu\" rel=\"nofollow noopener\" data-trk=\"{&quot;cta&quot;:{&quot;action&quot;:&quot;https:\\\/\\\/moncompte.actu.fr&quot;,&quot;category&quot;:&quot;mon compte&quot;,&quot;from&quot;:&quot;article footer&quot;,&quot;name&quot;:&quot;Mon actu&quot;,&quot;type&quot;:&quot;cta&quot;}}\" target=\"_blank\">Mon Actu<\/a>.<\/p>\n<p>                    <script async src=\"\/\/www.instagram.com\/embed.js\"><\/script><\/p>\n","protected":false},"excerpt":{"rendered":"Par Amandine Vachez Publi\u00e9 le 18 juil. 2025 \u00e0 11h44 Ce ne sera pas une \u00ab\u2009f\u00eate m\u00e9di\u00e9vale\u2009\u00bb comme&hellip;\n","protected":false},"author":2,"featured_media":256172,"comment_status":"","ping_status":"","sticky":false,"template":"","format":"standard","meta":{"footnotes":""},"categories":[2815],"tags":[1111,11,1063,1697,1777,674,652,1011,27,811,1307,1652,12,25],"class_list":{"0":"post-256171","1":"post","2":"type-post","3":"status-publish","4":"format-standard","5":"has-post-thumbnail","7":"category-lille","8":"tag-actu","9":"tag-actualites","10":"tag-animations","11":"tag-concert","12":"tag-eu","13":"tag-europe","14":"tag-famille","15":"tag-fr","16":"tag-france","17":"tag-hauts-de-france","18":"tag-lille","19":"tag-loisirs-culture","20":"tag-news","21":"tag-republique-francaise"},"share_on_mastodon":{"url":"https:\/\/pubeurope.com\/@fr\/114873862996216030","error":""},"_links":{"self":[{"href":"https:\/\/www.europesays.com\/fr\/wp-json\/wp\/v2\/posts\/256171","targetHints":{"allow":["GET"]}}],"collection":[{"href":"https:\/\/www.europesays.com\/fr\/wp-json\/wp\/v2\/posts"}],"about":[{"href":"https:\/\/www.europesays.com\/fr\/wp-json\/wp\/v2\/types\/post"}],"author":[{"embeddable":true,"href":"https:\/\/www.europesays.com\/fr\/wp-json\/wp\/v2\/users\/2"}],"replies":[{"embeddable":true,"href":"https:\/\/www.europesays.com\/fr\/wp-json\/wp\/v2\/comments?post=256171"}],"version-history":[{"count":0,"href":"https:\/\/www.europesays.com\/fr\/wp-json\/wp\/v2\/posts\/256171\/revisions"}],"wp:featuredmedia":[{"embeddable":true,"href":"https:\/\/www.europesays.com\/fr\/wp-json\/wp\/v2\/media\/256172"}],"wp:attachment":[{"href":"https:\/\/www.europesays.com\/fr\/wp-json\/wp\/v2\/media?parent=256171"}],"wp:term":[{"taxonomy":"category","embeddable":true,"href":"https:\/\/www.europesays.com\/fr\/wp-json\/wp\/v2\/categories?post=256171"},{"taxonomy":"post_tag","embeddable":true,"href":"https:\/\/www.europesays.com\/fr\/wp-json\/wp\/v2\/tags?post=256171"}],"curies":[{"name":"wp","href":"https:\/\/api.w.org\/{rel}","templated":true}]}}