{"id":256173,"date":"2025-07-18T10:53:10","date_gmt":"2025-07-18T10:53:10","guid":{"rendered":"https:\/\/www.europesays.com\/fr\/256173\/"},"modified":"2025-07-18T10:53:10","modified_gmt":"2025-07-18T10:53:10","slug":"drame-au-chu-de-lille-un-enfant-de-six-ans-implique-dans-le-deces-dun-nourrisson","status":"publish","type":"post","link":"https:\/\/www.europesays.com\/fr\/256173\/","title":{"rendered":"Drame au CHU de Lille, un enfant de six ans impliqu\u00e9 dans le d\u00e9c\u00e8s d\u2019un nourrisson"},"content":{"rendered":"<p>Le 11\u00a0juillet 2025, le corps de Zayneb-Cassandra, enfant n\u00e9e pr\u00e9matur\u00e9e au CHU Jeanne-de-Flandre de Lille (<a target=\"_self\" href=\"https:\/\/www.lanouvellerepublique.fr\/nord\" rel=\"nofollow noopener\">Nord<\/a>), est retrouv\u00e9 inerte sur le sol. Le b\u00e9b\u00e9 d\u00e9c\u00e8de finalement le mardi suivant. Le parquet de Lille a ouvert une enqu\u00eate pour \u00ab\u00a0recherche des causes de la mort\u00a0\u00bb et un enfant de six ans pourrait \u00eatre impliqu\u00e9 dans ce drame.<\/p>\n<p>Accompagnant sa maman \u00e9galement hospitalis\u00e9e sur place avec son b\u00e9b\u00e9, il aurait jou\u00e9 avec le nourrisson et l\u2019aurait fait tomber sur le cr\u00e2ne. \u00ab\u00a0Il arrivait le matin \u00e0 7\u00a0h, il passait son temps \u00e0 courir dans les couloirs toute la journ\u00e9e, a expliqu\u00e9 \u00e0 <a target=\"_blank\" href=\"https:\/\/www.lavoixdunord.fr\/1606995\/article\/2025-07-16\/ca-n-aurait-jamais-du-arriver-un-bebe-meurt-jeanne-de-flandres-apres-avoir-ete\" rel=\"nofollow noopener\">nos confr\u00e8res de <\/a><a target=\"_self\" href=\"https:\/\/www.lavoixdunord.fr\/1606995\/article\/2025-07-16\/ca-n-aurait-jamais-du-arriver-un-bebe-meurt-jeanne-de-flandres-apres-avoir-ete\" rel=\"nofollow noopener\">La Voix du Nord<\/a> la grand-m\u00e8re de Zayneb-Cassandra. Toutes les mamans se plaignaient, une infirmi\u00e8re a m\u00eame pr\u00e9venu la m\u00e8re de cet enfant qu\u2019il y avait un probl\u00e8me. Il entrait dans les autres chambres.\u00a0\u00bb Elle raconte \u00e9galement que cet enfant \u00e9tait entr\u00e9 aussi dans celle de Zayneb\u00a0: \u00ab\u00a0Il a dit qu\u2019elle ressemblait \u00e0 une poup\u00e9e, mon mari\u00a0qui \u00e9tait l\u00e0, l\u2019a fait sortir.\u00a0\u00bb<\/p>\n<p>Une enqu\u00eate administrative aussi ouverte \u00e0 l\u2019h\u00f4pital<\/p>\n<p>C\u2019est au moment o\u00f9 la m\u00e8re de famille s\u2019entretient avec le m\u00e9decin pour signer les documents de sortie, vendredi 11\u00a0juillet, et que le nouveau-n\u00e9 se trouve dans une chambre du service Arc-en-Ciel de l\u2019h\u00f4pital que celle-ci est appel\u00e9e en urgence, <a target=\"_blank\" href=\"https:\/\/www.bfmtv.com\/grand-lille\/lille-un-nourrisson-meurt-apres-avoir-ete-manipule-par-un-enfant-de-six-ans-dans-une-maternite_AN-202507160354.html\" rel=\"nofollow noopener\">raconte BFMTV<\/a>. Le b\u00e9b\u00e9 serait tomb\u00e9 sur la t\u00eate, il est inanim\u00e9. L\u2019enfant de six ans, lui, se trouve sur une chaise. Une autopsie du b\u00e9b\u00e9 a \u00e9t\u00e9 pratiqu\u00e9e jeudi.<\/p>\n<p>Dans un communiqu\u00e9, le CHU de Lille \u00e9voque \u00ab\u00a0un \u00e9v\u00e8nement exceptionnel particuli\u00e8rement grave\u00a0\u00bb,\u00a0<a target=\"_blank\" href=\"https:\/\/www.francebleu.fr\/infos\/faits-divers-justice\/lille-un-nourrisson-premature-est-decede-a-l-hopital-jeanne-de-flandre-apres-un-accident-cause-par-un-visiteur-7412513\" rel=\"nofollow noopener\">rapporte<\/a><a target=\"_blank\" href=\"https:\/\/www.francebleu.fr\/infos\/faits-divers-justice\/lille-un-nourrisson-premature-est-decede-a-l-hopital-jeanne-de-flandre-apres-un-accident-cause-par-un-visiteur-7412513\" rel=\"nofollow noopener\"> ici Nord<\/a>. La direction de l\u2019h\u00f4pital, qui a ouvert une enqu\u00eate administrative interne, a instaur\u00e9 des limites concernant les visites au sein des unit\u00e9s de n\u00e9onatologie d\u00e8s le jour du drame et jusqu\u2019\u00e0 nouvel ordre. \u00ab\u00a0Les circonstances du drame restant \u00e0 \u00e9claircir, le CHU a saisi le procureur de la R\u00e9publique de Lille vendredi 11\u00a0juillet, pour solliciter une enqu\u00eate imm\u00e9diate. Celle-ci a d\u00e9but\u00e9 le jour-m\u00eame, confi\u00e9e \u00e0 la police judiciaire de Lille sous la direction du parquet.\u00a0\u00bb Une prise en charge psychologique a \u00e9t\u00e9 propos\u00e9e aux familles.<\/p>\n<p>La responsabilit\u00e9 de l\u2019h\u00f4pital en revanche, ainsi que celle des parents de l\u2019enfant de six ans pourrait \u00eatre engag\u00e9e.\u00a0<\/p>\n","protected":false},"excerpt":{"rendered":"Le 11\u00a0juillet 2025, le corps de Zayneb-Cassandra, enfant n\u00e9e pr\u00e9matur\u00e9e au CHU Jeanne-de-Flandre de Lille (Nord), est retrouv\u00e9&hellip;\n","protected":false},"author":2,"featured_media":256174,"comment_status":"","ping_status":"","sticky":false,"template":"","format":"standard","meta":{"footnotes":""},"categories":[2815],"tags":[328,1111,11,1777,674,274,1011,27,329,811,1307,12,25],"class_list":{"0":"post-256173","1":"post","2":"type-post","3":"status-publish","4":"format-standard","5":"has-post-thumbnail","7":"category-lille","8":"tag-a-la-une","9":"tag-actu","10":"tag-actualites","11":"tag-eu","12":"tag-europe","13":"tag-faits-divers-justice","14":"tag-fr","15":"tag-france","16":"tag-france-monde","17":"tag-hauts-de-france","18":"tag-lille","19":"tag-news","20":"tag-republique-francaise"},"share_on_mastodon":{"url":"https:\/\/pubeurope.com\/@fr\/114873866890361054","error":""},"_links":{"self":[{"href":"https:\/\/www.europesays.com\/fr\/wp-json\/wp\/v2\/posts\/256173","targetHints":{"allow":["GET"]}}],"collection":[{"href":"https:\/\/www.europesays.com\/fr\/wp-json\/wp\/v2\/posts"}],"about":[{"href":"https:\/\/www.europesays.com\/fr\/wp-json\/wp\/v2\/types\/post"}],"author":[{"embeddable":true,"href":"https:\/\/www.europesays.com\/fr\/wp-json\/wp\/v2\/users\/2"}],"replies":[{"embeddable":true,"href":"https:\/\/www.europesays.com\/fr\/wp-json\/wp\/v2\/comments?post=256173"}],"version-history":[{"count":0,"href":"https:\/\/www.europesays.com\/fr\/wp-json\/wp\/v2\/posts\/256173\/revisions"}],"wp:featuredmedia":[{"embeddable":true,"href":"https:\/\/www.europesays.com\/fr\/wp-json\/wp\/v2\/media\/256174"}],"wp:attachment":[{"href":"https:\/\/www.europesays.com\/fr\/wp-json\/wp\/v2\/media?parent=256173"}],"wp:term":[{"taxonomy":"category","embeddable":true,"href":"https:\/\/www.europesays.com\/fr\/wp-json\/wp\/v2\/categories?post=256173"},{"taxonomy":"post_tag","embeddable":true,"href":"https:\/\/www.europesays.com\/fr\/wp-json\/wp\/v2\/tags?post=256173"}],"curies":[{"name":"wp","href":"https:\/\/api.w.org\/{rel}","templated":true}]}}