{"id":256177,"date":"2025-07-18T10:55:10","date_gmt":"2025-07-18T10:55:10","guid":{"rendered":"https:\/\/www.europesays.com\/fr\/256177\/"},"modified":"2025-07-18T10:55:10","modified_gmt":"2025-07-18T10:55:10","slug":"la-justice-rejette-le-recours-de-nora-preziosi-contre-son-eviction-de-13-habitat","status":"publish","type":"post","link":"https:\/\/www.europesays.com\/fr\/256177\/","title":{"rendered":"la justice rejette le recours de Nora Preziosi contre son \u00e9viction de 13 Habitat"},"content":{"rendered":"<p>L\u2019ancienne pr\u00e9sidente du bailleur social des Bouches-du-Rh\u00f4ne avait saisi le tribunal administratif pour contester son \u00e9viction de 13 Habitat, apr\u00e8s notamment des accusations de conflit d\u2019int\u00e9r\u00eats portant sur sa famille.<\/p>\n<p class=\"fig-paragraph\">La justice n\u2019a pas donn\u00e9 raison \u00e0\u00a0<a href=\"http:\/\/www.lefigaro.fr\/marseille\/c-est-sovietique-la-presidente-du-premier-bailleur-social-des-bouches-du-rhone-conteste-son-eviction-devant-la-justice-20250716\" data-fig-type=\"NewsFlash\" data-gtm-custom-categorie=\"navigation\" data-gtm-custom-action=\"crossclick\" data-gtm-custom-label=\"Contextuel\" data-gtm-event=\"customEventSPE\" data-fig-domain=\"LEFIGARO\" target=\"_blank\" rel=\"noopener\">Nora Preziosi.<\/a>\u00a0Dans un communiqu\u00e9 de presse, le tribunal administratif de Marseille annonce avoir rejet\u00e9 la requ\u00eate de<a href=\"http:\/\/www.lefigaro.fr\/marseille\/marches-publics-douteux-favoritisme-familial-a-marseille-la-presidente-du-bailleur-social-13-habitat-nora-preziosi-ecartee-20250613\" data-fig-type=\"NewsFlash\" data-gtm-custom-categorie=\"navigation\" data-gtm-custom-action=\"crossclick\" data-gtm-custom-label=\"Contextuel\" data-gtm-event=\"customEventSPE\" data-fig-domain=\"LEFIGARO\" target=\"_blank\" rel=\"noopener\">\u00a0l\u2019ancienne pr\u00e9sidente de 13 Habitat<\/a>, le principal bailleur social des Bouches-du-Rh\u00f4ne, r\u00e9cemment \u00e9vinc\u00e9e de ce poste par la pr\u00e9sidente du d\u00e9partement\u00a0<a href=\"http:\/\/www.lefigaro.fr\/marseille\/municipales-a-marseille-renaud-muselier-pret-a-soutenir-martine-vassal-en-cas-de-candidature-20250514\" data-fig-type=\"NewsFlash\" data-gtm-custom-categorie=\"navigation\" data-gtm-custom-action=\"crossclick\" data-gtm-custom-label=\"Contextuel\" data-gtm-event=\"customEventSPE\" data-fig-domain=\"LEFIGARO\" target=\"_blank\" rel=\"noopener\">Martine Vassal\u00a0<\/a>pour des soup\u00e7ons de conflits d\u2019int\u00e9r\u00eats.<\/p>\n<p class=\"fig-paragraph\">Le tribunal indique notamment que le matin m\u00eame de l\u2019audience, une nouvelle d\u00e9lib\u00e9ration sur la nouvelle composition du conseil d\u2019administration annulait celle attaqu\u00e9e par Nora Preziosi, de sorte que cette saisie de la justice devenait caduque.<\/p>\n<p>                                    <a class=\"fig-a11y-skip a11y-hidden\" href=\"#fig-a11y-skip-main-inarticle\"><br \/>\n        Passer la publicit\u00e9<br \/>\n    <\/a><\/p>\n<p>Une demande du pr\u00e9fet<\/p>\n<p class=\"fig-paragraph\">Au milieu du mois de juin, Nora Preziosi s\u2019\u00e9tait retrouv\u00e9e pouss\u00e9e vers la sortie par\u00a0<a href=\"http:\/\/www.lefigaro.fr\/marseille\/marseille-martine-vassal-propose-de-demenager-le-siege-de-la-metropole-dans-l-actuel-palais-de-justice-20250121\" target=\"_blank\" data-fig-type=\"NewsFlash\" rel=\"noopener\" data-gtm-custom-categorie=\"navigation\" data-gtm-custom-action=\"crossclick\" data-gtm-custom-label=\"Contextuel\" data-gtm-event=\"customEventSPE\" data-fig-domain=\"LEFIGARO\">Martine Vassal\u00a0<\/a>apr\u00e8s une s\u00e9rie de r\u00e9v\u00e9lations dans la presse sur la gestion de la structure. Dans un rapport qui devait \u00eatre rendu public le 5 octobre prochain, mais qui a fuit\u00e9 dans les colonnes de La Provence\u00a0et de Marsactu, l\u2019agence nationale du contr\u00f4le du logement social (Ancols) \u00e9trille 13 Habitat, mettant en avant de possibles conflits d\u2019int\u00e9r\u00eats et de profonds dysfonctionnements au sein du bailleur social.<\/p>\n<p class=\"fig-paragraph\">Selon nos confr\u00e8res, le rapport revient notamment sur les conditions d\u2019attribution de logements sociaux \u00e0 des membres de la famille de Nora Preziosi, \u00e0 la t\u00eate de l\u2019office HLM depuis octobre 2022. Il y a quelques mois, Marsactu avait d\u00e9j\u00e0 r\u00e9v\u00e9l\u00e9 qu\u2019un appartement refait \u00e0 neuf, dans une r\u00e9sidence d\u2019un quartier pris\u00e9 de Marseille \u00e0 quelques m\u00e8tres de la plage, avait \u00e9t\u00e9 attribu\u00e9 \u00e0 la m\u00e8re de Nora Preziosi.<\/p>\n<p class=\"fig-paragraph\">Le 27 juin dernier, et apr\u00e8s un courrier du pr\u00e9fet \u00e0 Martine Vassal la pressant de prendre une telle d\u00e9cision sous menace de sanctions, Nora Preziosi a \u00e9t\u00e9 \u00e9cart\u00e9e de la pr\u00e9sidence de 13 Habitat<\/p>\n","protected":false},"excerpt":{"rendered":"L\u2019ancienne pr\u00e9sidente du bailleur social des Bouches-du-Rh\u00f4ne avait saisi le tribunal administratif pour contester son \u00e9viction de 13&hellip;\n","protected":false},"author":2,"featured_media":256178,"comment_status":"","ping_status":"","sticky":false,"template":"","format":"standard","meta":{"footnotes":""},"categories":[2814],"tags":[1111,11,1777,674,1011,27,16354,884,21363,12,882,25,3693],"class_list":{"0":"post-256177","1":"post","2":"type-post","3":"status-publish","4":"format-standard","5":"has-post-thumbnail","7":"category-marseille","8":"tag-actu","9":"tag-actualites","10":"tag-eu","11":"tag-europe","12":"tag-fr","13":"tag-france","14":"tag-logement-social","15":"tag-marseille","16":"tag-martine-vassal","17":"tag-news","18":"tag-provence-alpes-cote-dazur","19":"tag-republique-francaise","20":"tag-tribunal"},"share_on_mastodon":{"url":"https:\/\/pubeurope.com\/@fr\/114873874774505318","error":""},"_links":{"self":[{"href":"https:\/\/www.europesays.com\/fr\/wp-json\/wp\/v2\/posts\/256177","targetHints":{"allow":["GET"]}}],"collection":[{"href":"https:\/\/www.europesays.com\/fr\/wp-json\/wp\/v2\/posts"}],"about":[{"href":"https:\/\/www.europesays.com\/fr\/wp-json\/wp\/v2\/types\/post"}],"author":[{"embeddable":true,"href":"https:\/\/www.europesays.com\/fr\/wp-json\/wp\/v2\/users\/2"}],"replies":[{"embeddable":true,"href":"https:\/\/www.europesays.com\/fr\/wp-json\/wp\/v2\/comments?post=256177"}],"version-history":[{"count":0,"href":"https:\/\/www.europesays.com\/fr\/wp-json\/wp\/v2\/posts\/256177\/revisions"}],"wp:featuredmedia":[{"embeddable":true,"href":"https:\/\/www.europesays.com\/fr\/wp-json\/wp\/v2\/media\/256178"}],"wp:attachment":[{"href":"https:\/\/www.europesays.com\/fr\/wp-json\/wp\/v2\/media?parent=256177"}],"wp:term":[{"taxonomy":"category","embeddable":true,"href":"https:\/\/www.europesays.com\/fr\/wp-json\/wp\/v2\/categories?post=256177"},{"taxonomy":"post_tag","embeddable":true,"href":"https:\/\/www.europesays.com\/fr\/wp-json\/wp\/v2\/tags?post=256177"}],"curies":[{"name":"wp","href":"https:\/\/api.w.org\/{rel}","templated":true}]}}