{"id":256179,"date":"2025-07-18T10:56:09","date_gmt":"2025-07-18T10:56:09","guid":{"rendered":"https:\/\/www.europesays.com\/fr\/256179\/"},"modified":"2025-07-18T10:56:09","modified_gmt":"2025-07-18T10:56:09","slug":"une-enquete-ouverte-apres-lattaque-dun-equipage-de-police-rue-de-la-re","status":"publish","type":"post","link":"https:\/\/www.europesays.com\/fr\/256179\/","title":{"rendered":"une enqu\u00eate ouverte apr\u00e8s l&rsquo;attaque d&rsquo;un \u00e9quipage de police rue de la R\u00e9"},"content":{"rendered":"<p itemprop=\"description\"><strong>La vid\u00e9o fait le tour des r\u00e9seaux sociaux.<\/strong><\/p>\n<p>On y voit, le soir du 14 juillet, un \u00e9quipage de police fuir la rue de la R\u00e9publique \u00e0 Lyon \u00e0 cause d&rsquo;une foule hostile voire violente. Et tout particuli\u00e8rement un jeune individu qui force les fonctionnaires \u00e0 rentrer dans leur v\u00e9hicule et quitter les lieux. L&rsquo;homme s&rsquo;en prend ensuite \u00e0 la voiture \u00e0 grands coups de pied et de poings.<\/p>\n<p>Une enqu\u00eate a \u00e9t\u00e9 ouverte pour identifier l&rsquo;individu dont le visage est parfaitement visible \u00e0 la fin de la vid\u00e9o.<\/p>\n<blockquote class=\"twitter-tweet\"><p>&#13;<\/p>\n<p dir=\"ltr\" lang=\"fr\">Lyon <a href=\"https:\/\/t.co\/TdHxoNA4Nt\">pic.twitter.com\/TdHxoNA4Nt<\/a><\/p>\n<p>&#13;<br \/>\n\u2014 Police &amp; R\u00e9alit\u00e9s (@PoliceRealites) <a href=\"https:\/\/twitter.com\/PoliceRealites\/status\/1945553718495023220?ref_src=twsrc%5Etfw\" target=\"_blank\" rel=\"noopener\">July 16, 2025<\/a><\/p><\/blockquote>\n<p>\u00ab\u00a0Ils ont tout notre soutien\u00a0\u00bb, a annonc\u00e9 la pr\u00e9f\u00e8te du Rh\u00f4ne Fabienne Buccio, estimant que la patrouille de police secours vis\u00e9e est intervenue \u00ab\u00a0avec beaucoup de sang-froid\u00a0\u00bb \u00ab\u00a0face \u00e0 des centaines d&rsquo;individus\u00a0\u00bb.<\/p>\n<p>Et de rappeler qu&rsquo;aucune d\u00e9gradation notable n&rsquo;a eu lieu en Presqu&rsquo;\u00eele le soir du 14 juillet, tandis que 22 interpellations avaient lieu tout le week-end dans l&rsquo;agglom\u00e9ration.<\/p>\n<p>\t\t  <script async src=\"https:\/\/platform.twitter.com\/widgets.js\" charset=\"utf-8\"><\/script><\/p>\n","protected":false},"excerpt":{"rendered":"La vid\u00e9o fait le tour des r\u00e9seaux sociaux. On y voit, le soir du 14 juillet, un \u00e9quipage&hellip;\n","protected":false},"author":2,"featured_media":256180,"comment_status":"","ping_status":"","sticky":false,"template":"","format":"standard","meta":{"footnotes":""},"categories":[1889],"tags":[1111,11,2813,2190,2430,1109,251,1112,2811,1777,674,118,1011,27,1922,1110,1114,2428,2810,12,241,316,25,2812,517,800],"class_list":{"0":"post-256179","1":"post","2":"type-post","3":"status-publish","4":"format-standard","5":"has-post-thumbnail","7":"category-lyon","8":"tag-actu","9":"tag-actualites","10":"tag-article","11":"tag-asvel","12":"tag-auvergne-rhone-alpes","13":"tag-breves","14":"tag-culture","15":"tag-depeches","16":"tag-economique","17":"tag-eu","18":"tag-europe","19":"tag-faits-divers","20":"tag-fr","21":"tag-france","22":"tag-info","23":"tag-informations","24":"tag-infos","25":"tag-lyon","26":"tag-lyonmag","27":"tag-news","28":"tag-ol","29":"tag-politique","30":"tag-republique-francaise","31":"tag-sociale","32":"tag-sport","33":"tag-transports"},"share_on_mastodon":{"url":"https:\/\/pubeurope.com\/@fr\/114873878776064288","error":""},"_links":{"self":[{"href":"https:\/\/www.europesays.com\/fr\/wp-json\/wp\/v2\/posts\/256179","targetHints":{"allow":["GET"]}}],"collection":[{"href":"https:\/\/www.europesays.com\/fr\/wp-json\/wp\/v2\/posts"}],"about":[{"href":"https:\/\/www.europesays.com\/fr\/wp-json\/wp\/v2\/types\/post"}],"author":[{"embeddable":true,"href":"https:\/\/www.europesays.com\/fr\/wp-json\/wp\/v2\/users\/2"}],"replies":[{"embeddable":true,"href":"https:\/\/www.europesays.com\/fr\/wp-json\/wp\/v2\/comments?post=256179"}],"version-history":[{"count":0,"href":"https:\/\/www.europesays.com\/fr\/wp-json\/wp\/v2\/posts\/256179\/revisions"}],"wp:featuredmedia":[{"embeddable":true,"href":"https:\/\/www.europesays.com\/fr\/wp-json\/wp\/v2\/media\/256180"}],"wp:attachment":[{"href":"https:\/\/www.europesays.com\/fr\/wp-json\/wp\/v2\/media?parent=256179"}],"wp:term":[{"taxonomy":"category","embeddable":true,"href":"https:\/\/www.europesays.com\/fr\/wp-json\/wp\/v2\/categories?post=256179"},{"taxonomy":"post_tag","embeddable":true,"href":"https:\/\/www.europesays.com\/fr\/wp-json\/wp\/v2\/tags?post=256179"}],"curies":[{"name":"wp","href":"https:\/\/api.w.org\/{rel}","templated":true}]}}