{"id":256195,"date":"2025-07-18T11:05:15","date_gmt":"2025-07-18T11:05:15","guid":{"rendered":"https:\/\/www.europesays.com\/fr\/256195\/"},"modified":"2025-07-18T11:05:15","modified_gmt":"2025-07-18T11:05:15","slug":"leurope-adopte-un-18e-paquet-de-sanctions-contre-la-russie","status":"publish","type":"post","link":"https:\/\/www.europesays.com\/fr\/256195\/","title":{"rendered":"L&rsquo;Europe adopte un 18e paquet de sanctions contre la Russie"},"content":{"rendered":"<p>&#13;<br \/>\n\tL&rsquo;Union europ\u00e9enne est parvenue \u00e0 un accord sur un dix-huiti\u00e8me train de sanctions contre la Russie pour sa guerre en Ukraine, qui comprend notamment une s\u00e9rie de mesures visant \u00e0 porter de nouveaux coups \u00e0 l&rsquo;industrie p\u00e9troli\u00e8re et \u00e9nerg\u00e9tique russe. Le nouveau paquet comprend un abaissement \u00e0 47,6 dollars le baril du plafond du prix du p\u00e9trole russe mis en place par le G7, ont d\u00e9clar\u00e9 des diplomates \u00e0 Reuters.<\/p>\n<p>&#13;<br \/>\n\t\u00ab\u00a0L&rsquo;UE vient d&rsquo;approuver l&rsquo;un de ses trains de sanctions les plus s\u00e9v\u00e8res contre la Russie \u00e0 ce jour\u00a0\u00bb, a d\u00e9clar\u00e9 Kaja Kallas, la haute repr\u00e9sentante de l&rsquo;UE pour les Affaires \u00e9trang\u00e8res. \u00ab\u00a0Nous continuerons \u00e0 augmenter les co\u00fbts, de sorte que l&rsquo;arr\u00eat de l&rsquo;agression devient la seule voie \u00e0 suivre pour Moscou\u00a0\u00bb, a-t-elle ajout\u00e9.<\/p>\n<p class=\"editoTitleType1 editoTitleType1--noBorder is-margin-0\">VOS <b>INDICES<\/b><\/p>\n<p>                source<br \/>\n                <img decoding=\"async\" src=\"https:\/\/www.europesays.com\/fr\/wp-content\/uploads\/2025\/05\/logo-indice-contations.png\" alt=\"Indices &amp; cotations\"\/><\/p>\n<p>&#13;<br \/>\n\t\u00ab\u00a0C\u2019est fait ! Nous, Europ\u00e9ens, adoptons ce matin des sanctions sans pr\u00e9c\u00e9dent contre la Russie et les pays qui la soutiennent. La France a jou\u00e9 un r\u00f4le d\u00e9cisif. Avec les \u00c9tats-Unis, nous contraindrons Vladimir Poutine \u00e0 un cessez-le-feu\u00a0\u00bb, a pour sa part d\u00e9clar\u00e9 sur X Jean-No\u00ebl Barrot, ministre fran\u00e7ais des Affaires \u00e9trang\u00e8res.<\/p>\n<p>&#13;<br \/>\n\tLa r\u00e9ticence de la Slovaquie \u00e0 approuver cette mesure a retard\u00e9 l&rsquo;accord, Bratislava r\u00e9clamant de la part de Bruxelles des garanties sur un projet europ\u00e9en distinct destin\u00e9 \u00e0 r\u00e9duire progressivement les importations de gaz russe pour s&rsquo;en affranchir d&rsquo;ici le 1er janvier 2028.<\/p>\n<p>&#13;<br \/>\n\t<strong>Avec Reuters<\/strong><\/p>\n<p class=\"editoTitleType1 editoTitleType1--lagoon is-uppercase\">S\u00e9lectionn\u00e9 <b>pour vous<\/b><\/p>\n<p>                                                                            <a class=\"editoCardType21__link editoCardType21__containerImage\" href=\"https:\/\/www.usinenouvelle.com\/editorial\/budget-2026-pourquoi-le-gouvernement-veut-s-attaquer-aux-ruptures-conventionnelles.N2235350\" data-xiti-name=\"2235350\" target=\"_blank\" rel=\"noopener\"><\/p>\n<p>                                                                                                                                                    <img decoding=\"async\" src=\"data:image\/gif;base64,R0lGODdhAQABAPAAAMPDwwAAACwAAAAAAQABAAACAkQBADs=\" data-original=\"\/mediatheque\/5\/0\/4\/000757405_256x170_c.jpg\" alt=\"Budget 2026 : Pourquoi le gouvernement veut s\u2019attaquer aux ruptures conventionnelles\"\/><\/p>\n<p>                            <\/a><\/p>\n","protected":false},"excerpt":{"rendered":"&#13; L&rsquo;Union europ\u00e9enne est parvenue \u00e0 un accord sur un dix-huiti\u00e8me train de sanctions contre la Russie pour&hellip;\n","protected":false},"author":2,"featured_media":256196,"comment_status":"","ping_status":"","sticky":false,"template":"","format":"standard","meta":{"footnotes":""},"categories":[1590],"tags":[11,2125,11291,893,1777,674,2124,14,12,844,132,220],"class_list":{"0":"post-256195","1":"post","2":"type-post","3":"status-publish","4":"format-standard","5":"has-post-thumbnail","7":"category-ukraine","8":"tag-actualites","9":"tag-depeches-reuters","10":"tag-eco-social","11":"tag-energie","12":"tag-eu","13":"tag-europe","14":"tag-infos-reuters","15":"tag-international","16":"tag-news","17":"tag-petrole","18":"tag-russie","19":"tag-ukraine"},"share_on_mastodon":{"url":"https:\/\/pubeurope.com\/@fr\/114873914093804567","error":""},"_links":{"self":[{"href":"https:\/\/www.europesays.com\/fr\/wp-json\/wp\/v2\/posts\/256195","targetHints":{"allow":["GET"]}}],"collection":[{"href":"https:\/\/www.europesays.com\/fr\/wp-json\/wp\/v2\/posts"}],"about":[{"href":"https:\/\/www.europesays.com\/fr\/wp-json\/wp\/v2\/types\/post"}],"author":[{"embeddable":true,"href":"https:\/\/www.europesays.com\/fr\/wp-json\/wp\/v2\/users\/2"}],"replies":[{"embeddable":true,"href":"https:\/\/www.europesays.com\/fr\/wp-json\/wp\/v2\/comments?post=256195"}],"version-history":[{"count":0,"href":"https:\/\/www.europesays.com\/fr\/wp-json\/wp\/v2\/posts\/256195\/revisions"}],"wp:featuredmedia":[{"embeddable":true,"href":"https:\/\/www.europesays.com\/fr\/wp-json\/wp\/v2\/media\/256196"}],"wp:attachment":[{"href":"https:\/\/www.europesays.com\/fr\/wp-json\/wp\/v2\/media?parent=256195"}],"wp:term":[{"taxonomy":"category","embeddable":true,"href":"https:\/\/www.europesays.com\/fr\/wp-json\/wp\/v2\/categories?post=256195"},{"taxonomy":"post_tag","embeddable":true,"href":"https:\/\/www.europesays.com\/fr\/wp-json\/wp\/v2\/tags?post=256195"}],"curies":[{"name":"wp","href":"https:\/\/api.w.org\/{rel}","templated":true}]}}