{"id":256212,"date":"2025-07-18T11:14:15","date_gmt":"2025-07-18T11:14:15","guid":{"rendered":"https:\/\/www.europesays.com\/fr\/256212\/"},"modified":"2025-07-18T11:14:15","modified_gmt":"2025-07-18T11:14:15","slug":"disparu-depuis-30-ans-cest-le-grand-retour-du-minigolf-dans-cette-station-des-cotes-darmor","status":"publish","type":"post","link":"https:\/\/www.europesays.com\/fr\/256212\/","title":{"rendered":"Disparu depuis 30 ans, c&rsquo;est le grand retour du minigolf dans cette station des C\u00f4tes-d&rsquo;Armor"},"content":{"rendered":"<p>            Par<br \/>\n        <strong><br \/>\n            <a href=\"https:\/\/actu.fr\/auteur\/journaliste-lp\" title=\"Consulter tous les articles de R\u00e9daction Lamballe\" rel=\"nofollow noopener\" target=\"_blank\">R\u00e9daction Lamballe<\/a><br \/>\n        <\/strong><\/p>\n<p>        Publi\u00e9 le<\/p>\n<p>            14 juil. 2025 \u00e0 17h30        <\/p>\n<p>Le projet avait \u00e9t\u00e9 propos\u00e9, vot\u00e9 et retenu dans le cadre du budget participatif 2024\u00a0: <a href=\"https:\/\/actu.fr\/bretagne\/pleneuf-val-andre_22186\/dans-cette-station-balenaire-des-cotes-darmor-le-minigolf-renait-de-ses-cendres_61719911.html\" rel=\"nofollow noopener\" target=\"_blank\">le retour d\u2019un minigolf \u00e0 Pl\u00e9neuf-Val-Andr\u00e9<\/a>.<\/p>\n<p class=\" wall-content\">Une activit\u00e9 qui avait fait les beaux jours de la station, dans les ann\u00e9es 1980 et qui avait laiss\u00e9 nostalgique les amoureux du Val-Andr\u00e9.<\/p>\n<p>Nostalgiques de l\u2019ancien minigolf<\/p>\n<p class=\" wall-content\">La Ville de Pl\u00e9neuf-Val-Andr\u00e9, en compagnie des \u00e9lus du conseil municipal des jeunes a ainsi inaugur\u00e9 le nouveau minigolf, situ\u00e9 <b>au c\u0153ur du parc de loisirs de Dahou\u00ebt<\/b>.<\/p>\n<p>    <img   decoding=\"async\" loading=\"lazy\" class=\"size-large\" src=\"https:\/\/www.europesays.com\/fr\/wp-content\/uploads\/2025\/07\/e1836f2615786d5836f261578a9836v-960x640.jpg\" alt=\"Mini golf pl\u00e9neuf\" width=\"960\" height=\"640\"\/><br \/>\n    Le minigolf a \u00e9t\u00e9 inaugur\u00e9 avec les \u00e9lus du conseil municipal des jeunes. \u00a9Helen\u00a0HERAULT<\/p>\n<p class=\" wall-content\">Un habitant glisse au moment de couper le ruban :<\/p>\n<blockquote class=\"ac-article-quote wall-content\">\n<p>C\u2019est Mme Christine de Freslon qui a fait la proposition du retour du minigolf.<\/p>\n<\/blockquote>\n<p>Vid\u00e9os : en ce moment sur Actu<\/p>\n<p class=\" wall-content\">Une proposition faite dans le cadre du budget participatif.<\/p>\n<p class=\" wall-content\">\u00ab Cette initiative permet aux habitants de proposer et choisir des projets qui leur tiennent \u00e0 c\u0153ur, <b>financ\u00e9s directement par la commune<\/b> \u00bb, explique Pierre-Alexis Bl\u00e9vin, pr\u00e9sent lors de l\u2019inauguration.<\/p>\n<p>Avec le miniport de Dahou\u00ebt<\/p>\n<p class=\" wall-content\">Le minigolf ne rena\u00eet pas de ses cendres sur la place des R\u00e9gates, qui \u00e9tait son emplacement historique, face \u00e0 la mer, mais pr\u00e8s du miniport avec <b>vue sur l\u2019\u00e9tang de Dahou\u00ebt<\/b>.<\/p>\n<p>    <img   decoding=\"async\" loading=\"lazy\" class=\"size-large\" src=\"https:\/\/www.europesays.com\/fr\/wp-content\/uploads\/2025\/07\/c804591305076fc0459130507c0145v-960x640.jpg\" alt=\"Mini golf Pl\u00e9neuf-Val-Andr\u00e9\" width=\"960\" height=\"640\"\/><br \/>\n    L\u2019ancien minigolf \u00e9tait \u00e9tabli sur la place des R\u00e9gates actuelle. \u00a9Collection Yves Douard<\/p>\n<p class=\" wall-content\">12 pistes de 7,70 m\u00e8tres de longueurs ont \u00e9t\u00e9 con\u00e7ues, accessibles aux familles.<\/p>\n<blockquote class=\"ac-article-quote wall-content\">\n<p>Il sera ouvert aux m\u00eames horaires que le port miniature qui en assure l\u2019exploitation.<\/p>\n<\/blockquote>\n<p class=\" wall-content\">Le deuxi\u00e8me projet qui a \u00e9t\u00e9 vot\u00e9, <b>les panneaux d\u2019expositions ext\u00e9rieurs<\/b> pour agr\u00e9menter le passage pi\u00e9tonnier entre le centre commercial et le bourg de Pl\u00e9neuf, devrait, \u00e0 son tour, voir le jour dans quelques semaines.<\/p>\n<p>Les tarifs sont de 5\u00a0\u20ac pour les adultes, 4,50\u00a0\u20ac pour les enfants de 6 \u00e0 12\u00a0ans et gratuit pour les enfants de moins de 6\u00a0ans pour une partie pouvant durer jusqu\u2019\u00e0 45\u00a0minutes.<\/p>\n<p class=\" wall-content\">Suivez toute l\u2019actualit\u00e9 de vos villes et m\u00e9dias favoris en vous inscrivant \u00e0 <a href=\"https:\/\/moncompte.actu.fr\" title=\"D\u00e9couvez Mon Actu\" rel=\"nofollow noopener\" data-trk=\"{&quot;cta&quot;:{&quot;action&quot;:&quot;https:\\\/\\\/moncompte.actu.fr&quot;,&quot;category&quot;:&quot;mon compte&quot;,&quot;from&quot;:&quot;article footer&quot;,&quot;name&quot;:&quot;Mon actu&quot;,&quot;type&quot;:&quot;cta&quot;}}\" target=\"_blank\">Mon Actu<\/a>.<\/p>\n","protected":false},"excerpt":{"rendered":"Par R\u00e9daction Lamballe Publi\u00e9 le 14 juil. 2025 \u00e0 17h30 Le projet avait \u00e9t\u00e9 propos\u00e9, vot\u00e9 et retenu&hellip;\n","protected":false},"author":2,"featured_media":256213,"comment_status":"","ping_status":"","sticky":false,"template":"","format":"standard","meta":{"footnotes":""},"categories":[1418],"tags":[652,1011,27,1472,104,60,602],"class_list":{"0":"post-256212","1":"post","2":"type-post","3":"status-publish","4":"format-standard","5":"has-post-thumbnail","7":"category-golf","8":"tag-famille","9":"tag-fr","10":"tag-france","11":"tag-golf","12":"tag-societe","13":"tag-sports","14":"tag-tourisme"},"share_on_mastodon":{"url":"https:\/\/pubeurope.com\/@fr\/114873949513557722","error":""},"_links":{"self":[{"href":"https:\/\/www.europesays.com\/fr\/wp-json\/wp\/v2\/posts\/256212","targetHints":{"allow":["GET"]}}],"collection":[{"href":"https:\/\/www.europesays.com\/fr\/wp-json\/wp\/v2\/posts"}],"about":[{"href":"https:\/\/www.europesays.com\/fr\/wp-json\/wp\/v2\/types\/post"}],"author":[{"embeddable":true,"href":"https:\/\/www.europesays.com\/fr\/wp-json\/wp\/v2\/users\/2"}],"replies":[{"embeddable":true,"href":"https:\/\/www.europesays.com\/fr\/wp-json\/wp\/v2\/comments?post=256212"}],"version-history":[{"count":0,"href":"https:\/\/www.europesays.com\/fr\/wp-json\/wp\/v2\/posts\/256212\/revisions"}],"wp:featuredmedia":[{"embeddable":true,"href":"https:\/\/www.europesays.com\/fr\/wp-json\/wp\/v2\/media\/256213"}],"wp:attachment":[{"href":"https:\/\/www.europesays.com\/fr\/wp-json\/wp\/v2\/media?parent=256212"}],"wp:term":[{"taxonomy":"category","embeddable":true,"href":"https:\/\/www.europesays.com\/fr\/wp-json\/wp\/v2\/categories?post=256212"},{"taxonomy":"post_tag","embeddable":true,"href":"https:\/\/www.europesays.com\/fr\/wp-json\/wp\/v2\/tags?post=256212"}],"curies":[{"name":"wp","href":"https:\/\/api.w.org\/{rel}","templated":true}]}}