{"id":256214,"date":"2025-07-18T11:15:19","date_gmt":"2025-07-18T11:15:19","guid":{"rendered":"https:\/\/www.europesays.com\/fr\/256214\/"},"modified":"2025-07-18T11:15:19","modified_gmt":"2025-07-18T11:15:19","slug":"soulagement-pour-le-volley-cannois-le-rc-cannes-et-las-cannes-sont-maintenus-en-elite","status":"publish","type":"post","link":"https:\/\/www.europesays.com\/fr\/256214\/","title":{"rendered":"Soulagement pour le volley cannois: le RC Cannes et l\u2019AS Cannes sont maintenus en \u00e9lite"},"content":{"rendered":"<p>\u00a0<\/p>\n<p>M\u00eame si le pr\u00e9sident Amaury Delbart \u00e9tait confiant quant au maintien du Racing Club de Cannes et de l\u2019AS Cannes volley dans l\u2019\u00e9lite fran\u00e7aise, les supporters ont pu souffler de soulagement.<\/p>\n<p>\u00a0<\/p>\n<p>Satisfaction l\u00e9gitime de la direction dans un communiqu\u00e9\u2005: \u00ab\u00a0Les deux clubs sont officiellement maintenus en premi\u00e8re Ligue professionnelle. Cette issue favorable refl\u00e8te la solidit\u00e9 de notre projet commun. Elle confirme \u00e9galement la reconnaissance du s\u00e9rieux de notre organisation et de notre engagement en faveur du d\u00e9veloppement durable du volley \u00e0 Cannes\u2026\u00a0\u00bb<\/p>\n<p>\u00a0<\/p>\n<p>Le club remercie la ville de Cannes et son investisseur, Craig Carracher pour leur soutien et leur engagement. \u00ab\u00a0Nous sommes tourn\u00e9s vers l\u2019avenir avec ambition et d\u00e9termination\u00a0\u00bb.<\/p>\n","protected":false},"excerpt":{"rendered":"\u00a0 M\u00eame si le pr\u00e9sident Amaury Delbart \u00e9tait confiant quant au maintien du Racing Club de Cannes et&hellip;\n","protected":false},"author":2,"featured_media":256215,"comment_status":"","ping_status":"","sticky":false,"template":"","format":"standard","meta":{"footnotes":""},"categories":[1417],"tags":[1011,27,60,1470,1469],"class_list":{"0":"post-256214","1":"post","2":"type-post","3":"status-publish","4":"format-standard","5":"has-post-thumbnail","7":"category-volley","8":"tag-fr","9":"tag-france","10":"tag-sports","11":"tag-volley","12":"tag-volleyball"},"share_on_mastodon":{"url":"https:\/\/pubeurope.com\/@fr\/114873953364460562","error":""},"_links":{"self":[{"href":"https:\/\/www.europesays.com\/fr\/wp-json\/wp\/v2\/posts\/256214","targetHints":{"allow":["GET"]}}],"collection":[{"href":"https:\/\/www.europesays.com\/fr\/wp-json\/wp\/v2\/posts"}],"about":[{"href":"https:\/\/www.europesays.com\/fr\/wp-json\/wp\/v2\/types\/post"}],"author":[{"embeddable":true,"href":"https:\/\/www.europesays.com\/fr\/wp-json\/wp\/v2\/users\/2"}],"replies":[{"embeddable":true,"href":"https:\/\/www.europesays.com\/fr\/wp-json\/wp\/v2\/comments?post=256214"}],"version-history":[{"count":0,"href":"https:\/\/www.europesays.com\/fr\/wp-json\/wp\/v2\/posts\/256214\/revisions"}],"wp:featuredmedia":[{"embeddable":true,"href":"https:\/\/www.europesays.com\/fr\/wp-json\/wp\/v2\/media\/256215"}],"wp:attachment":[{"href":"https:\/\/www.europesays.com\/fr\/wp-json\/wp\/v2\/media?parent=256214"}],"wp:term":[{"taxonomy":"category","embeddable":true,"href":"https:\/\/www.europesays.com\/fr\/wp-json\/wp\/v2\/categories?post=256214"},{"taxonomy":"post_tag","embeddable":true,"href":"https:\/\/www.europesays.com\/fr\/wp-json\/wp\/v2\/tags?post=256214"}],"curies":[{"name":"wp","href":"https:\/\/api.w.org\/{rel}","templated":true}]}}