{"id":256216,"date":"2025-07-18T11:16:10","date_gmt":"2025-07-18T11:16:10","guid":{"rendered":"https:\/\/www.europesays.com\/fr\/256216\/"},"modified":"2025-07-18T11:16:10","modified_gmt":"2025-07-18T11:16:10","slug":"paroles-dex-les-souvenirs-de-fabien-pelous-sur-les-all-blacks-une-raclee-peut-etre-fondatrice","status":"publish","type":"post","link":"https:\/\/www.europesays.com\/fr\/256216\/","title":{"rendered":"Paroles d&rsquo;ex &#8211; les souvenirs de Fabien Pelous sur les All Blacks\u00a0: \u00ab\u00a0Une racl\u00e9e peut \u00eatre fondatrice\u00a0\u00bb"},"content":{"rendered":"<p>Fabien Pelous, en bref<\/p>\n<p>51\u00a0ans. Ancien deuxi\u00e8me-ligne. 118 s\u00e9lections en \u00e9quipe de France (1995-2007).<br \/><b>Parcours pro\u00a0:<\/b> SC Graulhet (1991-1995), US Dax (1995-1997), Stade Toulousain (1997-2009).<br \/><b>Palmar\u00e8s\u00a0:<\/b> Deux Tournois des Cinq Nations (deux Grands Chelems en 1997 et 1998), trois Tournois des Six Nations (2002, 2004 et 2006) dont deux Grands Chelems (2002 et 2004), deux Coupes d&rsquo;Europe (2003 et 2005) et trois Championnats de France (1999, 2001 et 2008).<\/p>\n","protected":false},"excerpt":{"rendered":"Fabien Pelous, en bref 51\u00a0ans. Ancien deuxi\u00e8me-ligne. 118 s\u00e9lections en \u00e9quipe de France (1995-2007).Parcours pro\u00a0: SC Graulhet (1991-1995),&hellip;\n","protected":false},"author":2,"featured_media":256217,"comment_status":"","ping_status":"","sticky":false,"template":"","format":"standard","meta":{"footnotes":""},"categories":[1416],"tags":[1011,27,479,1468,60],"class_list":{"0":"post-256216","1":"post","2":"type-post","3":"status-publish","4":"format-standard","5":"has-post-thumbnail","7":"category-rugby","8":"tag-fr","9":"tag-france","10":"tag-rugby","11":"tag-rugby-football","12":"tag-sports"},"share_on_mastodon":{"url":"https:\/\/pubeurope.com\/@fr\/114873957406048157","error":""},"_links":{"self":[{"href":"https:\/\/www.europesays.com\/fr\/wp-json\/wp\/v2\/posts\/256216","targetHints":{"allow":["GET"]}}],"collection":[{"href":"https:\/\/www.europesays.com\/fr\/wp-json\/wp\/v2\/posts"}],"about":[{"href":"https:\/\/www.europesays.com\/fr\/wp-json\/wp\/v2\/types\/post"}],"author":[{"embeddable":true,"href":"https:\/\/www.europesays.com\/fr\/wp-json\/wp\/v2\/users\/2"}],"replies":[{"embeddable":true,"href":"https:\/\/www.europesays.com\/fr\/wp-json\/wp\/v2\/comments?post=256216"}],"version-history":[{"count":0,"href":"https:\/\/www.europesays.com\/fr\/wp-json\/wp\/v2\/posts\/256216\/revisions"}],"wp:featuredmedia":[{"embeddable":true,"href":"https:\/\/www.europesays.com\/fr\/wp-json\/wp\/v2\/media\/256217"}],"wp:attachment":[{"href":"https:\/\/www.europesays.com\/fr\/wp-json\/wp\/v2\/media?parent=256216"}],"wp:term":[{"taxonomy":"category","embeddable":true,"href":"https:\/\/www.europesays.com\/fr\/wp-json\/wp\/v2\/categories?post=256216"},{"taxonomy":"post_tag","embeddable":true,"href":"https:\/\/www.europesays.com\/fr\/wp-json\/wp\/v2\/tags?post=256216"}],"curies":[{"name":"wp","href":"https:\/\/api.w.org\/{rel}","templated":true}]}}