{"id":256218,"date":"2025-07-18T11:17:10","date_gmt":"2025-07-18T11:17:10","guid":{"rendered":"https:\/\/www.europesays.com\/fr\/256218\/"},"modified":"2025-07-18T11:17:10","modified_gmt":"2025-07-18T11:17:10","slug":"atp-hurkacz-sur-alcaraz-et-sinner-le-niveau-est-meilleur-quil-y-a-dix-ans-mais-cela-ne-veut-pas-dire-que-federer-nadal-djokovic-et-murray-nauraient-pas-pu-atteindre-ce-niveau","status":"publish","type":"post","link":"https:\/\/www.europesays.com\/fr\/256218\/","title":{"rendered":"ATP > Hurkacz sur Alcaraz et Sinner : \u00ab\u00a0Le niveau est meilleur qu&rsquo;il y a dix ans mais cela ne veut pas dire que Federer, Nadal, Djokovic et Murray n&rsquo;auraient pas pu atteindre ce niveau\u00a0\u00bb"},"content":{"rendered":"<p>\u00ab\u202fJe sais que c\u2019est un peu fou de dire cela, mais je pense que l\u2019on pour\u00adrait soutenir qu\u2019Alcaraz et Sinner seraient les favoris pour battre Nadal \u00e0 Roland\u2010Garros, \u00e0 son meilleur niveau\u202f!\u202f\u00bb, <a href=\"https:\/\/www.welovetennis.fr\/roland-garros\/mcenroe-je-sais-que-cest-un-peu-fou-de-dire-cela-mais-je-pense-que-lon-pourrait-soutenir-qualcaraz-et-sinner-seraient-les-favoris-pour-battre-nadal-a-roland-garros-a-son-meilleur-niveau\" data-wpel-link=\"internal\" rel=\"nofollow noopener\" target=\"_blank\">d\u00e9cla\u00adrait John McEnroe sur le plateau TNT Sports <\/a>apr\u00e8s la finale d\u2019an\u00adtho\u00adlogie \u00e0 Roland\u2010Garros entre Carlos Alcaraz et Jannik Sinner.\u00a0<\/p>\n<p>Cet avis fait encore parler et a \u00e9t\u00e9 comment\u00e9 par Hubert Hurkacz lors d\u2019une inter\u00adview accord\u00e9e \u00e0 <a href=\"https:\/\/www.tennis365.com\/tennis-news\/carlos-alcaraz-jannik-sinner-compared-big-4-hubert-hurkacz\" data-wpel-link=\"external\" target=\"_blank\" rel=\"nofollow external noopener\">Tennis365<\/a>. <\/p>\n<p><strong>\u00ab\u202fIl est diffi\u00adcile de dire qui gagne\u00adrait s\u2019ils jouaient tous \u00e0 leur meilleur niveau. J\u2019ai l\u2019im\u00adpres\u00adsion que le niveau augmente chaque ann\u00e9e, et on peut \u00e9videm\u00adment dire qu\u2019il est meilleur qu\u2019il y a dix ans, mais cela ne veut pas dire que Roger, Rafa, Novak et Andy n\u2019au\u00adraient pas pu atteindre le niveau o\u00f9 nous sommes aujourd\u2019hui. Ils se sont \u00e9gale\u00adment am\u00e9lior\u00e9s chaque ann\u00e9e et ont plac\u00e9 la barre plus haut, donc s\u2019ils jouaient aujourd\u2019hui, ils conti\u00adnue\u00adraient \u00e0 s\u2019am\u00e9\u00adliorer. Ce que nous pouvons dire, c\u2019est que Jannik et Carlos jouent \u00e0 un niveau incroyable actuel\u00adle\u00adment et que c\u2019est \u00e0 nous de travailler dur pour les suivre.\u202f\u00bb<\/strong><\/p>\n<p class=\"post-published-date\" style=\"color: silver; font-size: 75%; text-align: left;\">Publi\u00e9 le vendredi 18 juillet 2025 \u00e0 12:16<\/p>\n","protected":false},"excerpt":{"rendered":"\u00ab\u202fJe sais que c\u2019est un peu fou de dire cela, mais je pense que l\u2019on pour\u00adrait soutenir qu\u2019Alcaraz&hellip;\n","protected":false},"author":2,"featured_media":256219,"comment_status":"","ping_status":"","sticky":false,"template":"","format":"standard","meta":{"footnotes":""},"categories":[1415],"tags":[1744,4737,105,2199,1011,27,1960,2127,60,1467],"class_list":{"0":"post-256218","1":"post","2":"type-post","3":"status-publish","4":"format-standard","5":"has-post-thumbnail","7":"category-tennis","8":"tag-alcaraz","9":"tag-andy-murray","10":"tag-djokovic","11":"tag-federer","12":"tag-fr","13":"tag-france","14":"tag-nadal","15":"tag-sinner","16":"tag-sports","17":"tag-tennis"},"share_on_mastodon":{"url":"https:\/\/pubeurope.com\/@fr\/114873961161632535","error":""},"_links":{"self":[{"href":"https:\/\/www.europesays.com\/fr\/wp-json\/wp\/v2\/posts\/256218","targetHints":{"allow":["GET"]}}],"collection":[{"href":"https:\/\/www.europesays.com\/fr\/wp-json\/wp\/v2\/posts"}],"about":[{"href":"https:\/\/www.europesays.com\/fr\/wp-json\/wp\/v2\/types\/post"}],"author":[{"embeddable":true,"href":"https:\/\/www.europesays.com\/fr\/wp-json\/wp\/v2\/users\/2"}],"replies":[{"embeddable":true,"href":"https:\/\/www.europesays.com\/fr\/wp-json\/wp\/v2\/comments?post=256218"}],"version-history":[{"count":0,"href":"https:\/\/www.europesays.com\/fr\/wp-json\/wp\/v2\/posts\/256218\/revisions"}],"wp:featuredmedia":[{"embeddable":true,"href":"https:\/\/www.europesays.com\/fr\/wp-json\/wp\/v2\/media\/256219"}],"wp:attachment":[{"href":"https:\/\/www.europesays.com\/fr\/wp-json\/wp\/v2\/media?parent=256218"}],"wp:term":[{"taxonomy":"category","embeddable":true,"href":"https:\/\/www.europesays.com\/fr\/wp-json\/wp\/v2\/categories?post=256218"},{"taxonomy":"post_tag","embeddable":true,"href":"https:\/\/www.europesays.com\/fr\/wp-json\/wp\/v2\/tags?post=256218"}],"curies":[{"name":"wp","href":"https:\/\/api.w.org\/{rel}","templated":true}]}}