{"id":256220,"date":"2025-07-18T11:19:12","date_gmt":"2025-07-18T11:19:12","guid":{"rendered":"https:\/\/www.europesays.com\/fr\/256220\/"},"modified":"2025-07-18T11:19:12","modified_gmt":"2025-07-18T11:19:12","slug":"motogp-ducati-reve-dune-histoire-a-vie-avec-marc-marquez","status":"publish","type":"post","link":"https:\/\/www.europesays.com\/fr\/256220\/","title":{"rendered":"MotoGP : Ducati r\u00eave d\u2019une histoire \u00e0 vie avec Marc Marquez"},"content":{"rendered":"<p><strong>La premi\u00e8re moiti\u00e9 du championnat MotoGP 2025 a tourn\u00e9<br \/>\nautour d\u2019un seul homme : Marc Marquez. Le pilote espagnol r\u00e9alise<br \/>\nune saison \u00e9poustouflante, alignant des chiffres qui donnent le<br \/>\nvertige. En onze Grands Prix, il a d\u00e9j\u00e0 d\u00e9croch\u00e9 17 victoires \u2013 7<br \/>\nen course longue et 10 en sprint.<\/strong><\/p>\n<p>Au Sachsenring, <a href=\"https:\/\/www.paddock-gp.com\/motogp-allemagne-j3-debriefing-alex-marquez-ducati-2-je-netais-pas-a-la-limite-etc-integralite\/\" rel=\"nofollow noopener\" target=\"_blank\"><br \/>\n<strong>Ducati<\/strong><\/a> a encore rafl\u00e9 la mise avec un podium<br \/>\n100 % rouge, compos\u00e9 de <strong>Pecco Bagnaia<\/strong> (3e) et des<br \/>\nfr\u00e8res <strong>Marquez<\/strong>, confirmant l\u2019incroyable domination<br \/>\nde la firme de Borgo Panigale. Une telle r\u00e9ussite pousse d\u00e9j\u00e0<br \/>\n<strong>Ducati<\/strong> \u00e0 envisager l\u2019avenir de Marc sous ses<br \/>\ncouleurs sur le long terme.<\/p>\n<p>\u00ab <strong>J\u2019esp\u00e8re que Marc restera chez Ducati jusqu\u2019\u00e0 la<br \/>\nfin de sa carri\u00e8re<\/strong> \u00bb, a d\u00e9clar\u00e9 sans d\u00e9tour <a href=\"https:\/\/www.paddock-gp.com\/motogp-assen-j3-davide-tardozzi-rassure-sur-bagnaia-malgre-la-domination-de-marquez-il-ne-manque-pas-de-vitesse-mais-de-confiance\/\" rel=\"nofollow noopener\" target=\"_blank\"><br \/>\n<strong>Davide Tardozzi<\/strong><\/a>, directeur de l\u2019\u00e9quipe, \u00e0<br \/>\nl\u2019issue du <a href=\"https:\/\/www.paddock-gp.com\/motogp-allemagne-course-live\/\" rel=\"nofollow noopener\" target=\"_blank\"><strong>Grand<br \/>\nPrix d\u2019Allemagne<\/strong><\/a>.<\/p>\n<p>Marquez affole les compteurs. Il a sign\u00e9 cette saison<br \/>\n<strong>sept doubl\u00e9s<\/strong> (victoire en sprint + victoire en<br \/>\ncourse), dont <strong>quatre cons\u00e9cutifs<\/strong>, un exploit<br \/>\nin\u00e9dit en MotoGP.<\/p>\n<p>En <strong>Sprint<\/strong>, il r\u00e8gne sans partage : <strong>10<br \/>\nvictoires sur 11<\/strong>, la seule exception \u00e9tant Silverstone o\u00f9<br \/>\nil a termin\u00e9 2e derri\u00e8re son fr\u00e8re <strong>Alex<\/strong>. En course<br \/>\nlongue, il compte <strong>7 victoires sur 11 d\u00e9parts<\/strong>. Ses<br \/>\nrares \u00e9checs cette saison sont \u00e0 <strong>Austin<\/strong> (chute),<br \/>\n<strong>Jerez<\/strong> (chute, puis 12e place apr\u00e8s \u00eatre reparti),<br \/>\nen <strong>France<\/strong> (2e derri\u00e8re Zarco sous la pluie) et \u00e0<br \/>\n<strong>Silverstone<\/strong> (3e derri\u00e8re Bezzecchi et Zarco).<\/p>\n<p>Son taux de r\u00e9ussite est tout bonnement hallucinant :<br \/>\n<strong>90,90 %<\/strong> de victoires en Sprint, <strong>63,63<br \/>\n%<\/strong> de victoires en course longue, <strong>77,27 %<\/strong><br \/>\nde victoires toutes courses confondues.<\/p>\n<p><img decoding=\"async\" class=\"aligncenter\" src=\"https:\/\/www.europesays.com\/fr\/wp-content\/uploads\/2025\/07\/avatar.jpg\"\/><\/p>\n<p><strong>\u00ab J\u2019esp\u00e8re que Marc<br \/>\nMarquez restera chez Ducati jusqu\u2019\u00e0 la fin de sa carri\u00e8re<br \/>\n\u00bb<\/strong><\/p>\n<p>\u00c0 l\u2019occasion du GP d\u2019Allemagne, <strong>Marquez<\/strong> a<br \/>\ndisput\u00e9 son <strong>200e Grand Prix<\/strong> en cat\u00e9gorie reine. Il<br \/>\nen a remport\u00e9 69, soit <strong>34,5 % de succ\u00e8s<\/strong> \u2013 un<br \/>\nexploit majeur compte tenu des ann\u00e9es de gal\u00e8re entre 2020 et 2024,<br \/>\nmarqu\u00e9es par ses blessures et la difficile p\u00e9riode avec<br \/>\n<strong>Honda<\/strong>.<\/p>\n<p>Globalement, <strong>Marc Marquez<\/strong> cumule d\u00e9sormais<br \/>\n<strong>95 victoires toutes cat\u00e9gories confondues<\/strong>, ce qui<br \/>\nle place troisi\u00e8me au classement des pilotes les plus victorieux de<br \/>\nl\u2019histoire, derri\u00e8re <strong>Giacomo Agostini<\/strong> (122) et<br \/>\n<strong>Valentino Rossi<\/strong> (115). Il compte \u00e9galement<br \/>\n<strong>120 podiums en 200 courses MotoGP<\/strong>, soit <strong>60<br \/>\n%<\/strong>.<\/p>\n<p>La forme actuelle de <strong>Marquez<\/strong> fait r\u00eaver<br \/>\n<strong>Ducati<\/strong>, qui sait qu\u2019elle tient un atout<br \/>\ncolossal.<\/p>\n<p>\u00ab Marc, lorsqu\u2019il est en pleine forme<strong>, est l\u2019un des<br \/>\ncinq meilleurs pilotes de tous les temps, en 75 ans d\u2019histoire du<br \/>\nchampionnat<\/strong>. Quand Marc est en forme, il est tr\u00e8s<br \/>\ndifficile \u00e0 battre, et je pense que Pecco est l\u2019un de ceux qui<br \/>\npeuvent le faire \u00e0 tout moment \u00bb, a confi\u00e9<br \/>\n<strong>Tardozzi<\/strong> \u00e0 <a href=\"https:\/\/as.com\/motor\/motociclismo\/ducati-se-pide-a-marquez-para-toda-la-vida-n\/\" rel=\"nofollow noopener\" target=\"_blank\"><br \/>\nAS<\/a>.<\/p>\n<p>L\u2019alliance <strong>Ducati-Marquez<\/strong> pourrait bien devenir<br \/>\nune saga historique, d\u2019autant que le classement g\u00e9n\u00e9ral laisse peu<br \/>\nde doute sur le nom du futur champion. Reste \u00e0 savoir si Marc<br \/>\nchoisira de prolonger cette union jusqu\u2019\u00e0 la fin de sa carri\u00e8re\u2026 et<br \/>\nde continuer \u00e0 \u00e9crire la l\u00e9gende rouge. \u2026<\/p>\n<p><img loading=\"lazy\" decoding=\"async\" class=\"aligncenter\" src=\"https:\/\/www.europesays.com\/fr\/wp-content\/uploads\/2025\/07\/WTYW6JNNJ2ZUKBKEQIAYRBTLH4.jpg\" alt=\"Davide Tardozzi discute avec Marc M\u00e1rquez dans le stand Ducati.\" width=\"722\" height=\"407\"\/><\/p>\n<p>\u00a0<\/p>\n","protected":false},"excerpt":{"rendered":"La premi\u00e8re moiti\u00e9 du championnat MotoGP 2025 a tourn\u00e9 autour d\u2019un seul homme : Marc Marquez. Le pilote&hellip;\n","protected":false},"author":2,"featured_media":256221,"comment_status":"","ping_status":"","sticky":false,"template":"","format":"standard","meta":{"footnotes":""},"categories":[1413],"tags":[1011,27,1457,1456,60],"class_list":{"0":"post-256220","1":"post","2":"type-post","3":"status-publish","4":"format-standard","5":"has-post-thumbnail","7":"category-moto","8":"tag-fr","9":"tag-france","10":"tag-moto","11":"tag-motocycle","12":"tag-sports"},"share_on_mastodon":{"url":"https:\/\/pubeurope.com\/@fr\/114873969209052261","error":""},"_links":{"self":[{"href":"https:\/\/www.europesays.com\/fr\/wp-json\/wp\/v2\/posts\/256220","targetHints":{"allow":["GET"]}}],"collection":[{"href":"https:\/\/www.europesays.com\/fr\/wp-json\/wp\/v2\/posts"}],"about":[{"href":"https:\/\/www.europesays.com\/fr\/wp-json\/wp\/v2\/types\/post"}],"author":[{"embeddable":true,"href":"https:\/\/www.europesays.com\/fr\/wp-json\/wp\/v2\/users\/2"}],"replies":[{"embeddable":true,"href":"https:\/\/www.europesays.com\/fr\/wp-json\/wp\/v2\/comments?post=256220"}],"version-history":[{"count":0,"href":"https:\/\/www.europesays.com\/fr\/wp-json\/wp\/v2\/posts\/256220\/revisions"}],"wp:featuredmedia":[{"embeddable":true,"href":"https:\/\/www.europesays.com\/fr\/wp-json\/wp\/v2\/media\/256221"}],"wp:attachment":[{"href":"https:\/\/www.europesays.com\/fr\/wp-json\/wp\/v2\/media?parent=256220"}],"wp:term":[{"taxonomy":"category","embeddable":true,"href":"https:\/\/www.europesays.com\/fr\/wp-json\/wp\/v2\/categories?post=256220"},{"taxonomy":"post_tag","embeddable":true,"href":"https:\/\/www.europesays.com\/fr\/wp-json\/wp\/v2\/tags?post=256220"}],"curies":[{"name":"wp","href":"https:\/\/api.w.org\/{rel}","templated":true}]}}