{"id":256230,"date":"2025-07-18T11:24:12","date_gmt":"2025-07-18T11:24:12","guid":{"rendered":"https:\/\/www.europesays.com\/fr\/256230\/"},"modified":"2025-07-18T11:24:12","modified_gmt":"2025-07-18T11:24:12","slug":"caussade-jean-marc-nadalin-un-artiste-rare-a-tous-points-de-vue","status":"publish","type":"post","link":"https:\/\/www.europesays.com\/fr\/256230\/","title":{"rendered":"Caussade. Jean-Marc Nadalin, un artiste rare \u00e0 tous points de vue"},"content":{"rendered":"<p>\n                                                                    l&rsquo;essentiel<br \/>\n                                                                Nadalin-Lazaro, deux styles qui se compl\u00e8tent et s\u2019harmonisent \u00e0 d\u00e9couvrir jusqu\u2019au dimanche 20 juillet de 14 h 30 \u00e0 18 h 30, \u00e0 Caussade.\n                            <\/p>\n<p>\u00ab\u00a0Rare par son talent, rare par sa modestie et rare par sa capacit\u00e9 \u00e0 fuir les projecteurs plus vite que la lumi\u00e8re. Un artiste peintre exceptionnel qui manie le crayon, la plume, le pinceau, avec ma\u00eetrise et instinct comme son p\u00e8re maniait le marteau et les ciseaux du tailleur de pierre. Que ce soit l\u2019aquarelle, l\u2019acrylique ou la peinture \u00e0 l\u2019huile, il a un grand don pour la pr\u00e9cision, et il sait si bien mettre en lumi\u00e8re, lui qui aime tant rester dans l\u2019ombre\u00a0\u00bb, tel est l\u2019\u00e9loge prononc\u00e9 par Monique Ghiretti, son amie de trente ans, lors du vernissage de l\u2019exposition de Jean-Marc Nadalin et de son \u00e9pouse Andrea Lazaro, mercredi apr\u00e8s-midi, \u00e0 l\u2019espace Bonna\u00efs.<\/p>\n<p>En 1994, Jean-Marc Nadalin rejoint le groupe montalbanais Les Communards de l\u2019Afrikaann\u2019s Bazart fond\u00e9 par Jean-Louis Trip et Philippe Rodier, r\u00e9cemment disparu, avec Jean-Pierre Lauren\u00e7on, Jacques Tison, Alain Ballereau, Jean-Louis Bonnet, Colette Masgrau, Aline Zanini et Jean-Marc Nadalin donc. \u00c0 cette \u00e9poque, Jean-Pierre Lauren\u00e7on \u00e9tait l\u2019animateur du groupe Art\u2019Causs. \u00ab\u00a0Terre fertile pour cr\u00e9er dans la joie et l\u2019\u00e9mulation r\u00e9ciproque, des ann\u00e9es de bonheur\u00a0\u00bb, pr\u00e9cisait Monique. Puis Jean-Marc prendra la suite de Jean-Pierre sans jamais chercher \u00e0 modeler qui que ce soit. \u00ab\u00a0Il guidait avec tact et douceur. Avec son regard bienveillant, il savait respecter les personnalit\u00e9s, apaiser les doutes, encourager les \u00e9lans. Il \u00e9tait un chef d\u2019orchestre silencieux qui n\u2019imposait pas la musique. Il nous aidait \u00e0 l\u2019entendre en nous-m\u00eames.\u00a0\u00bb<\/p>\n<p>Andrea Lazaro, artiste franco-argentine, a toujours \u00e9t\u00e9 passionn\u00e9e par l\u2019art, la sculpture, la peinture et le dessin. Dot\u00e9e d\u2019un graphisme d\u2019une \u00e9l\u00e9gance remarquable, ses premi\u00e8res peintures sont des paysages oniriques peupl\u00e9s de figures m\u00e9lancoliques qu\u2019elle fait surgir \u00e0 partir de taches, d\u2019accidents de relief, d\u00e9pos\u00e9s pr\u00e9alablement sur la toile. D\u00e8s le d\u00e9but, elle met au point sa technique de peinture \u00e0 base de couches transparentes de plus en plus intenses et pr\u00e9cises au fur et \u00e0 mesure de l\u2019\u00e9laboration de l\u2019\u0153uvre. C\u2019est cette m\u00eame technique que l\u2019on retrouve dans l\u2019ensemble pr\u00e9sent\u00e9 \u00e0 l\u2019espace Bonna\u00efs, r\u00e9alis\u00e9 au d\u00e9but des ann\u00e9es 2000. On peut y appr\u00e9cier le jeu subtil des transparences qui construisent un espace d\u2019une profondeur o\u00f9 le regard se perd. Du maniement savant du clair-obscur naissent et se multiplient les formes dans un \u00e9quilibre fragile, toujours \u00e0 la limite mais qui se maintient.<\/p>\n","protected":false},"excerpt":{"rendered":"l&rsquo;essentiel Nadalin-Lazaro, deux styles qui se compl\u00e8tent et s\u2019harmonisent \u00e0 d\u00e9couvrir jusqu\u2019au dimanche 20 juillet de 14 h&hellip;\n","protected":false},"author":2,"featured_media":256231,"comment_status":"","ping_status":"","sticky":false,"template":"","format":"standard","meta":{"footnotes":""},"categories":[1358],"tags":[1348,1384,1385,1386,58,59,1011,27],"class_list":{"0":"post-256230","1":"post","2":"type-post","3":"status-publish","4":"format-standard","5":"has-post-thumbnail","7":"category-arts-et-design","8":"tag-arts","9":"tag-arts-and-design","10":"tag-arts-et-design","11":"tag-design","12":"tag-divertissement","13":"tag-entertainment","14":"tag-fr","15":"tag-france"},"share_on_mastodon":{"url":"https:\/\/pubeurope.com\/@fr\/114873988890376217","error":""},"_links":{"self":[{"href":"https:\/\/www.europesays.com\/fr\/wp-json\/wp\/v2\/posts\/256230","targetHints":{"allow":["GET"]}}],"collection":[{"href":"https:\/\/www.europesays.com\/fr\/wp-json\/wp\/v2\/posts"}],"about":[{"href":"https:\/\/www.europesays.com\/fr\/wp-json\/wp\/v2\/types\/post"}],"author":[{"embeddable":true,"href":"https:\/\/www.europesays.com\/fr\/wp-json\/wp\/v2\/users\/2"}],"replies":[{"embeddable":true,"href":"https:\/\/www.europesays.com\/fr\/wp-json\/wp\/v2\/comments?post=256230"}],"version-history":[{"count":0,"href":"https:\/\/www.europesays.com\/fr\/wp-json\/wp\/v2\/posts\/256230\/revisions"}],"wp:featuredmedia":[{"embeddable":true,"href":"https:\/\/www.europesays.com\/fr\/wp-json\/wp\/v2\/media\/256231"}],"wp:attachment":[{"href":"https:\/\/www.europesays.com\/fr\/wp-json\/wp\/v2\/media?parent=256230"}],"wp:term":[{"taxonomy":"category","embeddable":true,"href":"https:\/\/www.europesays.com\/fr\/wp-json\/wp\/v2\/categories?post=256230"},{"taxonomy":"post_tag","embeddable":true,"href":"https:\/\/www.europesays.com\/fr\/wp-json\/wp\/v2\/tags?post=256230"}],"curies":[{"name":"wp","href":"https:\/\/api.w.org\/{rel}","templated":true}]}}