{"id":256254,"date":"2025-07-18T11:36:15","date_gmt":"2025-07-18T11:36:15","guid":{"rendered":"https:\/\/www.europesays.com\/fr\/256254\/"},"modified":"2025-07-18T11:36:15","modified_gmt":"2025-07-18T11:36:15","slug":"une-conversation-entre-les-pilotes-souleve-des-interrogations","status":"publish","type":"post","link":"https:\/\/www.europesays.com\/fr\/256254\/","title":{"rendered":"une conversation entre les pilotes soul\u00e8ve des interrogations"},"content":{"rendered":"<p class=\"article-p mdl\">L\u2019enqu\u00eate sur la compagnie d\u2019Air India se poursuit. Le 18 juillet 2025, un mois apr\u00e8s le crash du Boeing 787 d&rsquo;Air India \u00e0 Ahmedabad, en Inde, qui a co\u00fbt\u00e9 la vie \u00e0 260 personnes, les investigations continuent pour \u00e9lucider les causes de l&rsquo;accident.<\/p>\n<p class=\"article-p mdl\">Selon une note interne de la compagnie, aucune anomalie n&rsquo;a \u00e9t\u00e9 d\u00e9tect\u00e9e sur les\u00a0<a class=\"link\" href=\"https:\/\/www.rtl.fr\/actu\/international\/catastrophe-d-air-india-l-alimentation-en-carburant-coupee-juste-avant-le-crash-7900523352\" title=\"Crash du Boeing 787 d&#039;Air India : l&#039;alimentation en carburant coup\u00e9e juste avant le crash\" target=\"_blank\" rel=\"nofollow noopener\">interrupteurs d&rsquo;alimentation<\/a>\u00a0en carburant. Cependant, une conversation enregistr\u00e9e dans le cockpit entre les copilotes suscite des interrogations. On y entend le premier copilote demander au second <strong>pourquoi il a coup\u00e9 l&rsquo;alimentation.<\/strong> Le Wall Street Journal rapporte que le commandant de bord aurait m\u00eame coup\u00e9 les interrupteurs.<\/p>\n<p class=\"article-p mdl\">Les enqu\u00eateurs doivent maintenant d\u00e9terminer si l&rsquo;alimentation en carburant a \u00e9t\u00e9 coup\u00e9e volontairement, s&rsquo;il s&rsquo;agit d&rsquo;<strong>une erreur humaine ou d&rsquo;une panne<\/strong> technique. La conversation entre les deux pilotes ne fait qu&rsquo;ajouter aux doutes, car le copilote demande au pilote pourquoi il a \u00e9teint les gaz, et celui-ci r\u00e9pond qu&rsquo;il n&rsquo;a rien fait.<\/p>\n<p>            Avertissements pass\u00e9s et inspections r\u00e9centes<\/p>\n<p class=\"article-p mdl\">Cette situation a incit\u00e9\u00a0<a class=\"link\" href=\"https:\/\/www.rtl.fr\/actu\/international\/crash-en-inde-la-deuxieme-boite-noire-de-l-avion-retrouvee-7900515968\" title=\"Crash en Inde : la deuxi\u00e8me bo\u00eete noire de l&#039;avion retrouv\u00e9e\" target=\"_blank\" rel=\"nofollow noopener\">les enqu\u00eateurs\u00a0<\/a>\u00e0 examiner de pr\u00e8s les interrupteurs de carburant sur le tableau de bord. Il y a sept ans, l&rsquo;agence f\u00e9d\u00e9rale am\u00e9ricaine de l&rsquo;aviation avait averti que certains de ces interrupteurs pouvaient avoir \u00e9t\u00e9 install\u00e9s sans que <strong>leur s\u00e9curit\u00e9 de verrouillage<\/strong> ne soit activ\u00e9e.\u00a0<\/p>\n<p class=\"article-p mdl\">Air India a confirm\u00e9 qu&rsquo;\u00e0 l&rsquo;\u00e9poque, elle n&rsquo;avait pas inspect\u00e9 l&rsquo;ensemble des appareils potentiellement concern\u00e9s, car il s&rsquo;agissait simplement d&rsquo;un avertissement. Cependant, <strong>le doute persiste,<\/strong> car la compagnie a r\u00e9cemment pass\u00e9 au crible sa flotte sans trouver d&rsquo;interrupteur de carburant d\u00e9faillant.<\/p>\n<p>    La r\u00e9daction vous recommande<\/p>\n<p class=\"s-newsletter__title\">\n                L\u2019actualit\u00e9 par la r\u00e9daction de RTL dans votre bo\u00eete mail.\n            <\/p>\n<p class=\"s-newsletter__subtitle\">\n                Gr\u00e2ce \u00e0 votre compte RTL abonnez-vous \u00e0 la newsletter RTL info pour suivre toute l&rsquo;actualit\u00e9 au quotidien\n            <\/p>\n<p>\n                                    Lire la suite\n                                <\/p>\n","protected":false},"excerpt":{"rendered":"L\u2019enqu\u00eate sur la compagnie d\u2019Air India se poursuit. Le 18 juillet 2025, un mois apr\u00e8s le crash du&hellip;\n","protected":false},"author":2,"featured_media":256255,"comment_status":"","ping_status":"","sticky":false,"template":"","format":"standard","meta":{"footnotes":""},"categories":[2],"tags":[11,13796,4098,1067,107,1011,27,12],"class_list":{"0":"post-256254","1":"post","2":"type-post","3":"status-publish","4":"format-standard","5":"has-post-thumbnail","7":"category-actualites","8":"tag-actualites","9":"tag-avions","10":"tag-crash","11":"tag-enquete","12":"tag-fil-info","13":"tag-fr","14":"tag-france","15":"tag-news"},"share_on_mastodon":{"url":"https:\/\/pubeurope.com\/@fr\/114874035996932424","error":""},"_links":{"self":[{"href":"https:\/\/www.europesays.com\/fr\/wp-json\/wp\/v2\/posts\/256254","targetHints":{"allow":["GET"]}}],"collection":[{"href":"https:\/\/www.europesays.com\/fr\/wp-json\/wp\/v2\/posts"}],"about":[{"href":"https:\/\/www.europesays.com\/fr\/wp-json\/wp\/v2\/types\/post"}],"author":[{"embeddable":true,"href":"https:\/\/www.europesays.com\/fr\/wp-json\/wp\/v2\/users\/2"}],"replies":[{"embeddable":true,"href":"https:\/\/www.europesays.com\/fr\/wp-json\/wp\/v2\/comments?post=256254"}],"version-history":[{"count":0,"href":"https:\/\/www.europesays.com\/fr\/wp-json\/wp\/v2\/posts\/256254\/revisions"}],"wp:featuredmedia":[{"embeddable":true,"href":"https:\/\/www.europesays.com\/fr\/wp-json\/wp\/v2\/media\/256255"}],"wp:attachment":[{"href":"https:\/\/www.europesays.com\/fr\/wp-json\/wp\/v2\/media?parent=256254"}],"wp:term":[{"taxonomy":"category","embeddable":true,"href":"https:\/\/www.europesays.com\/fr\/wp-json\/wp\/v2\/categories?post=256254"},{"taxonomy":"post_tag","embeddable":true,"href":"https:\/\/www.europesays.com\/fr\/wp-json\/wp\/v2\/tags?post=256254"}],"curies":[{"name":"wp","href":"https:\/\/api.w.org\/{rel}","templated":true}]}}