{"id":256270,"date":"2025-07-18T11:48:43","date_gmt":"2025-07-18T11:48:43","guid":{"rendered":"https:\/\/www.europesays.com\/fr\/256270\/"},"modified":"2025-07-18T11:48:43","modified_gmt":"2025-07-18T11:48:43","slug":"evron-laval-affrontera-rouen-au-stade-henri-breux-mercredi-2","status":"publish","type":"post","link":"https:\/\/www.europesays.com\/fr\/256270\/","title":{"rendered":"\u00c9vron. Laval affrontera Rouen au stade Henri-Breux mercredi"},"content":{"rendered":"<p>Mercredi 23\u00a0juillet, le CA \u00c9vronnais football accueillera au stade Henri-Breux, la rencontre Laval (Ligue 2) &#8211; FC Rouen (National).<\/p>\n<p>Ce sera le 3e match de pr\u00e9paration du Stade lavallois en vue de la reprise du championnat de Ligue 2\u00a0le samedi 9\u00a0ao\u00fbt (r\u00e9ception de Saint-Etienne). \u00a0Le Stade lavallois est le club phare de la Mayenne. Avoir la confiance de ses dirigeants pour organiser un match de pr\u00e9paration, c\u2019est une fiert\u00e9 pour le club d\u2019\u00c9vron. Cela prouve aussi que nous avons des \u00e9quipements de qualit\u00e9 et que nous sommes capables de mobiliser une \u00e9quipe d\u2019une soixantaine de b\u00e9n\u00e9voles pour assurer l\u2019\u00e9v\u00e9nement\u2026 Et en retour, on esp\u00e8re avoir un peu de recettes\u00a0, avance Jacques Goavec, chef d\u2019orchestre de l\u2019organisation.<\/p>\n<p>Pour rappel, en juillet\u00a02023, le match de pr\u00e9paration Laval &#8211; Cholet avait attir\u00e9 au stade Henri-Breux 1\u00a0500\u00a0spectateurs.<\/p>\n<p>Mercredi 23\u00a0juillet, Laval (Ligue 2) &#8211; FC Rouen (National). Stade Henri-Breux. Coup d\u2019envoi, 18\u00a0h (ouverture des portes, 17\u00a0h). Buvette et restauration sur place. Entr\u00e9e\u00a0: 5\u00a0\u20ac adultes\u00a0; 3\u00a0\u20ac de 14 \u00e0 18\u00a0ans.<\/p>\n<p>\u00a0<\/p>\n","protected":false},"excerpt":{"rendered":"Mercredi 23\u00a0juillet, le CA \u00c9vronnais football accueillera au stade Henri-Breux, la rencontre Laval (Ligue 2) &#8211; FC Rouen&hellip;\n","protected":false},"author":2,"featured_media":253691,"comment_status":"","ping_status":"","sticky":false,"template":"","format":"standard","meta":{"footnotes":""},"categories":[9587],"tags":[1111,11,12632,1777,674,39408,1011,27,39409,2693,6774,12,5161,25,9590,2858],"class_list":{"0":"post-256270","1":"post","2":"type-post","3":"status-publish","4":"format-standard","5":"has-post-thumbnail","7":"category-rouen","8":"tag-actu","9":"tag-actualites","10":"tag-affrontera","11":"tag-eu","12":"tag-europe","13":"tag-evron","14":"tag-fr","15":"tag-france","16":"tag-henri-breux","17":"tag-laval","18":"tag-mercredi","19":"tag-news","20":"tag-normandie","21":"tag-republique-francaise","22":"tag-rouen","23":"tag-stade"},"share_on_mastodon":{"url":"https:\/\/pubeurope.com\/@fr\/114874083205882885","error":""},"_links":{"self":[{"href":"https:\/\/www.europesays.com\/fr\/wp-json\/wp\/v2\/posts\/256270","targetHints":{"allow":["GET"]}}],"collection":[{"href":"https:\/\/www.europesays.com\/fr\/wp-json\/wp\/v2\/posts"}],"about":[{"href":"https:\/\/www.europesays.com\/fr\/wp-json\/wp\/v2\/types\/post"}],"author":[{"embeddable":true,"href":"https:\/\/www.europesays.com\/fr\/wp-json\/wp\/v2\/users\/2"}],"replies":[{"embeddable":true,"href":"https:\/\/www.europesays.com\/fr\/wp-json\/wp\/v2\/comments?post=256270"}],"version-history":[{"count":0,"href":"https:\/\/www.europesays.com\/fr\/wp-json\/wp\/v2\/posts\/256270\/revisions"}],"wp:featuredmedia":[{"embeddable":true,"href":"https:\/\/www.europesays.com\/fr\/wp-json\/wp\/v2\/media\/253691"}],"wp:attachment":[{"href":"https:\/\/www.europesays.com\/fr\/wp-json\/wp\/v2\/media?parent=256270"}],"wp:term":[{"taxonomy":"category","embeddable":true,"href":"https:\/\/www.europesays.com\/fr\/wp-json\/wp\/v2\/categories?post=256270"},{"taxonomy":"post_tag","embeddable":true,"href":"https:\/\/www.europesays.com\/fr\/wp-json\/wp\/v2\/tags?post=256270"}],"curies":[{"name":"wp","href":"https:\/\/api.w.org\/{rel}","templated":true}]}}