{"id":256275,"date":"2025-07-18T11:51:11","date_gmt":"2025-07-18T11:51:11","guid":{"rendered":"https:\/\/www.europesays.com\/fr\/256275\/"},"modified":"2025-07-18T11:51:11","modified_gmt":"2025-07-18T11:51:11","slug":"odorico-les-derniers-secrets-des-mosaistes","status":"publish","type":"post","link":"https:\/\/www.europesays.com\/fr\/256275\/","title":{"rendered":"Odorico : les derniers secrets des mosa\u00efstes"},"content":{"rendered":"<p>D\u00e9code la Bretagne<\/p>\n<p>Le 18 juillet 2025 \u00e0 11h27<\/p>\n<p class=\"tlg-h5\">Au milieu du XIXe, les Odorico ont fui la mis\u00e8re du Frioul, une r\u00e9gion septentrionale aux confins de l\u2019Italie pour s\u2019\u00e9tablir en France. \u00c0 Rennes, plus pr\u00e9cis\u00e9ment. Presque deux si\u00e8cles plus tard, cette c\u00e9l\u00e8bre famille a encore des secrets \u00e0 r\u00e9v\u00e9ler. Des mosa\u00efques embl\u00e9matiques de ces artistes de renom, resurgissent du pass\u00e9. Formant un pass\u00e9 \u00e0 d\u00e9couvrir.<\/p>\n","protected":false},"excerpt":{"rendered":"D\u00e9code la Bretagne Le 18 juillet 2025 \u00e0 11h27 Au milieu du XIXe, les Odorico ont fui la&hellip;\n","protected":false},"author":2,"featured_media":256276,"comment_status":"","ping_status":"","sticky":false,"template":"","format":"standard","meta":{"footnotes":""},"categories":[2821],"tags":[1111,11,34929,829,1777,674,1011,27,12,584,25],"class_list":{"0":"post-256275","1":"post","2":"type-post","3":"status-publish","4":"format-standard","5":"has-post-thumbnail","7":"category-rennes","8":"tag-actu","9":"tag-actualites","10":"tag-bloc-dossier-rennes","11":"tag-bretagne","12":"tag-eu","13":"tag-europe","14":"tag-fr","15":"tag-france","16":"tag-news","17":"tag-rennes","18":"tag-republique-francaise"},"share_on_mastodon":{"url":"https:\/\/pubeurope.com\/@fr\/114874095008544989","error":""},"_links":{"self":[{"href":"https:\/\/www.europesays.com\/fr\/wp-json\/wp\/v2\/posts\/256275","targetHints":{"allow":["GET"]}}],"collection":[{"href":"https:\/\/www.europesays.com\/fr\/wp-json\/wp\/v2\/posts"}],"about":[{"href":"https:\/\/www.europesays.com\/fr\/wp-json\/wp\/v2\/types\/post"}],"author":[{"embeddable":true,"href":"https:\/\/www.europesays.com\/fr\/wp-json\/wp\/v2\/users\/2"}],"replies":[{"embeddable":true,"href":"https:\/\/www.europesays.com\/fr\/wp-json\/wp\/v2\/comments?post=256275"}],"version-history":[{"count":0,"href":"https:\/\/www.europesays.com\/fr\/wp-json\/wp\/v2\/posts\/256275\/revisions"}],"wp:featuredmedia":[{"embeddable":true,"href":"https:\/\/www.europesays.com\/fr\/wp-json\/wp\/v2\/media\/256276"}],"wp:attachment":[{"href":"https:\/\/www.europesays.com\/fr\/wp-json\/wp\/v2\/media?parent=256275"}],"wp:term":[{"taxonomy":"category","embeddable":true,"href":"https:\/\/www.europesays.com\/fr\/wp-json\/wp\/v2\/categories?post=256275"},{"taxonomy":"post_tag","embeddable":true,"href":"https:\/\/www.europesays.com\/fr\/wp-json\/wp\/v2\/tags?post=256275"}],"curies":[{"name":"wp","href":"https:\/\/api.w.org\/{rel}","templated":true}]}}