{"id":256279,"date":"2025-07-18T11:53:19","date_gmt":"2025-07-18T11:53:19","guid":{"rendered":"https:\/\/www.europesays.com\/fr\/256279\/"},"modified":"2025-07-18T11:53:19","modified_gmt":"2025-07-18T11:53:19","slug":"un-site-public-pour-rassembler-les-sorties-culturelles-de-strasbourg","status":"publish","type":"post","link":"https:\/\/www.europesays.com\/fr\/256279\/","title":{"rendered":"Un site public pour rassembler les sorties culturelles de Strasbourg"},"content":{"rendered":"<p class=\"wp-block-post-excerpt__excerpt\">Concerts, expositions, spectacles, \u00e9v\u00e9nements gratuits\u2026 L\u2019offre culturelle propos\u00e9e par les structures de l\u2019Eurom\u00e9tropole de Strasbourg a \u00e9t\u00e9 r\u00e9unie sur un site public d\u00e9di\u00e9. <\/p>\n<p class=\"font-sans\">\n\t\t\tCet article est en acc\u00e8s libre. Pour soutenir Rue89 Strasbourg,<br \/>\n\t\t\t<a class=\"underline\" href=\"https:\/\/www.rue89strasbourg.com\/abonnement\" target=\"_blank\" rel=\"noopener\">abonnez-vous<\/a>.\n\t\t<\/p>\n<p>Camille Curnier<\/p>\n<p>Publi\u00e9 le 18 juillet 2025\u00a0\u00a0\u00b7\u00a0\u00a0<\/p>\n<p>Imprim\u00e9 le 18 juillet 2025 \u00e0 13h07\u00a0\u00a0\u00b7\u00a0\u00a0<\/p>\n<p>Modifi\u00e9 le 18 juillet 2025\u00a0\u00a0\u00b7\u00a0\u00a0<\/p>\n<p>\t\t\t\t\t2\u00a0minutes\n<\/p>\n<p>L\u2019Eurom\u00e9tropole de Strasbourg a lanc\u00e9 jeudi 17 juillet une <a href=\"https:\/\/culture.strasbourg.eu\/\" target=\"_blank\" rel=\"noopener\">plateforme culture.strasbourg.eu<\/a>, d\u00e9di\u00e9e \u00e0 l\u2019ensemble de l\u2019offre culturelle de l\u2019agglom\u00e9ration. Spectacles, concerts, ou encore expositions, le site centralise les propositions de sorties et permet \u00ab\u00a0\u00e0 l\u2019ensemble de ses habitantes et habitants de disposer d\u2019un outil performant facilitant l\u2019acc\u00e8s \u00e0 l\u2019offre culturelle sur l\u2019ensemble des 33 communes\u00a0\u00bb, indique l\u2019Eurom\u00e9tropole dans un communiqu\u00e9 de presse.<\/p>\n<p>L\u2019Eurom\u00e9tropole pr\u00e9cise que les souhaits de 950 personnes ont \u00e9t\u00e9 collect\u00e9s pour d\u00e9finir les objectifs de cette plateforme. Apr\u00e8s deux ans de travaux, elle vient combler \u00ab\u00a0un manque de visibilit\u00e9\u00a0\u00bb souligne Fanny Dehlinger, responsable de la communication de la direction de la culture\u00a0:<\/p>\n<blockquote class=\"wp-block-quote is-layout-flow wp-block-quote-is-layout-flow\">\n<p>\u00ab\u00a0Le site de la collectivit\u00e9, Strasbourg.eu, a un trafic d\u2019information orient\u00e9 sur d\u2019autres th\u00e9matiques. Les rubriques culturelles n\u2019\u00e9taient pas suffisamment visibles au milieu des sujets institutionnels.\u00a0\u00bb<\/p>\n<\/blockquote>\n<p><a href=\"https:\/\/www.rue89strasbourg.com\/abonnement\/paiement?sub=3&amp;discount=ete2025\" target=\"_blank\" rel=\"noopener\"><img loading=\"lazy\" decoding=\"async\" width=\"970\" height=\"250\" src=\"https:\/\/www.europesays.com\/fr\/wp-content\/uploads\/2025\/07\/bannie\u0300re-site-desktop-anime\u0301e.gif\" alt=\"\" class=\"wp-image-350811\" style=\"width:792px;height:auto\"\/><\/a><\/p>\n<p><a href=\"https:\/\/www.rue89strasbourg.com\/abonnement\/paiement?sub=3&amp;discount=ete2025\" target=\"_blank\" rel=\"noopener\"><img loading=\"lazy\" decoding=\"async\" width=\"300\" height=\"300\" src=\"https:\/\/www.europesays.com\/fr\/wp-content\/uploads\/2025\/07\/bannie\u0300re-pub-mobile-anime\u0301e.gif\" alt=\"\" class=\"wp-image-350815\"\/><\/a><\/p>\n<p>Le magazine Coze \u00e0 la man\u0153uvre<\/p>\n<p>Outre des rubriques d\u00e9di\u00e9es aux professionnels de la culture, la plateforme propose des actualit\u00e9s, un agenda culturel et une recherche personnalisable gr\u00e2ce \u00e0 des filtres (type de public, accessibilit\u00e9, proximit\u00e9, gratuit\u00e9\u2026). \u00ab\u00a0C\u2019est aussi un outil pour le corps enseignant, pour l\u2019organisation de programmes culturels, en coh\u00e9rence avec la politique d\u2019\u00e9ducation artistique et culturelle\u00a0\u00bb, ajoute la collectivit\u00e9 dans son communiqu\u00e9.<\/p>\n<p>Le site met aussi en avant un r\u00e9pertoire d\u2019activit\u00e9s artistiques ainsi que des circuits th\u00e9matiques et les \u00ab\u00a0parcours patrimoniaux\u00a0\u00bb permettant de d\u00e9couvrir le territoire \u00e0 travers son histoire. Une \u00ab\u00a0valorisation\u00a0\u00bb pour l\u2019agglom\u00e9ration, renforc\u00e9e par la labellisation de l\u2019Eurom\u00e9tropole comme <a href=\"https:\/\/www.strasbourg.eu\/-\/ems-label-pays-art-histoire\" target=\"_blank\" rel=\"noopener\">\u00ab\u00a0Pays d\u2019art et d\u2019histoire\u00a0\u00bb, d\u00e9livr\u00e9 le 16 juillet.<\/a><\/p>\n<p>Les donn\u00e9es publi\u00e9es proviennent de BeCoze, une association qui \u00e9dite d\u00e9j\u00e0 un agenda culturel, chaque mois sur de petits livrets distribu\u00e9s gratuitement et sur <a href=\"https:\/\/www.coze.fr\/\" target=\"_blank\" rel=\"noreferrer noopener\">Coze.fr<\/a>, pr\u00e9cise Fanny Dehlinger :<\/p>\n<blockquote class=\"wp-block-quote is-layout-flow wp-block-quote-is-layout-flow\">\n<p>\u00ab\u00a0Nous assurons un travail de mod\u00e9ration et d\u2019\u00e9ditorialisation. Mais toutes les demandes de publication devront passer par Coze. Si quelqu\u2019un souhaite inscrire un \u00e9v\u00e9nement, il devra le faire <a href=\"https:\/\/www.coze.fr\/annoncez-votre-evenement-sur-coze\/\" target=\"_blank\" rel=\"noreferrer noopener\">via leur interface<\/a>. L\u2019information remontera ensuite automatiquement chez nous.\u00a0\u00bb<\/p>\n<\/blockquote>\n<p>Aller <strong>plus loin<\/strong><\/p>\n","protected":false},"excerpt":{"rendered":"Concerts, expositions, spectacles, \u00e9v\u00e9nements gratuits\u2026 L\u2019offre culturelle propos\u00e9e par les structures de l\u2019Eurom\u00e9tropole de Strasbourg a \u00e9t\u00e9 r\u00e9unie&hellip;\n","protected":false},"author":2,"featured_media":256280,"comment_status":"","ping_status":"","sticky":false,"template":"","format":"standard","meta":{"footnotes":""},"categories":[2820],"tags":[1111,11,251,1777,28269,674,1011,27,775,12,25,39625,640],"class_list":{"0":"post-256279","1":"post","2":"type-post","3":"status-publish","4":"format-standard","5":"has-post-thumbnail","7":"category-strasbourg","8":"tag-actu","9":"tag-actualites","10":"tag-culture","11":"tag-eu","12":"tag-eurometropole","13":"tag-europe","14":"tag-fr","15":"tag-france","16":"tag-grand-est","17":"tag-news","18":"tag-republique-francaise","19":"tag-site-internet","20":"tag-strasbourg"},"share_on_mastodon":{"url":"https:\/\/pubeurope.com\/@fr\/114874102842078203","error":""},"_links":{"self":[{"href":"https:\/\/www.europesays.com\/fr\/wp-json\/wp\/v2\/posts\/256279","targetHints":{"allow":["GET"]}}],"collection":[{"href":"https:\/\/www.europesays.com\/fr\/wp-json\/wp\/v2\/posts"}],"about":[{"href":"https:\/\/www.europesays.com\/fr\/wp-json\/wp\/v2\/types\/post"}],"author":[{"embeddable":true,"href":"https:\/\/www.europesays.com\/fr\/wp-json\/wp\/v2\/users\/2"}],"replies":[{"embeddable":true,"href":"https:\/\/www.europesays.com\/fr\/wp-json\/wp\/v2\/comments?post=256279"}],"version-history":[{"count":0,"href":"https:\/\/www.europesays.com\/fr\/wp-json\/wp\/v2\/posts\/256279\/revisions"}],"wp:featuredmedia":[{"embeddable":true,"href":"https:\/\/www.europesays.com\/fr\/wp-json\/wp\/v2\/media\/256280"}],"wp:attachment":[{"href":"https:\/\/www.europesays.com\/fr\/wp-json\/wp\/v2\/media?parent=256279"}],"wp:term":[{"taxonomy":"category","embeddable":true,"href":"https:\/\/www.europesays.com\/fr\/wp-json\/wp\/v2\/categories?post=256279"},{"taxonomy":"post_tag","embeddable":true,"href":"https:\/\/www.europesays.com\/fr\/wp-json\/wp\/v2\/tags?post=256279"}],"curies":[{"name":"wp","href":"https:\/\/api.w.org\/{rel}","templated":true}]}}