{"id":256285,"date":"2025-07-18T11:56:14","date_gmt":"2025-07-18T11:56:14","guid":{"rendered":"https:\/\/www.europesays.com\/fr\/256285\/"},"modified":"2025-07-18T11:56:14","modified_gmt":"2025-07-18T11:56:14","slug":"nouveau-rebondissement-judiciaire-dans-le-dossier","status":"publish","type":"post","link":"https:\/\/www.europesays.com\/fr\/256285\/","title":{"rendered":"nouveau rebondissement judiciaire dans le dossier"},"content":{"rendered":"<p>            Par<br \/>\n        <strong><br \/>\n            <a href=\"https:\/\/actu.fr\/auteur\/redaction-nice\" title=\"Consulter tous les articles de R\u00e9daction Nice\" target=\"_blank\" rel=\"noopener\">R\u00e9daction Nice<\/a><br \/>\n        <\/strong><\/p>\n<p>        Publi\u00e9 le<\/p>\n<p>            18 juil. 2025 \u00e0 12h16        <\/p>\n<p>La fin d\u2019une pol\u00e9mique\u2009? Le <a href=\"https:\/\/actu.fr\/provence-alpes-cote-d-azur\/nice_06088\/nice-cette-statue-monumentale-tres-attendue-menacee-la-justice-demande-son-deboulonnage_62124744.html\" target=\"_blank\" rel=\"noopener\">d\u00e9boulonnage d\u2019une statue monumentale<\/a> de Jeanne d\u2019Arc, \u00e9rig\u00e9e \u00e0 l\u2019automne 2024 \u00e0 <a href=\"https:\/\/actu.fr\/nice\/\" target=\"_blank\" rel=\"noopener\">Nice<\/a> et devenue un point de crispation entre la M\u00e9tropole et la Pr\u00e9fecture, a \u00e9t\u00e9 <strong>annul\u00e9<\/strong> jeudi 17\u00a0juillet 2025 par la cour administrative d\u2019appel de <a href=\"https:\/\/actu.fr\/marseille\/\" target=\"_blank\" rel=\"noopener\">Marseille<\/a>. Ce dossier avait d\u00e9but\u00e9 avec la construction d\u2019un parking souterrain devant l\u2019\u00e9glise Sainte-Jeanne-d\u2019Arc, dans un quartier r\u00e9sidentiel pr\u00e8s du centre-ville de Nice, par la r\u00e9gie Parcs d\u2019Azur, organisme public d\u00e9pendant de la m\u00e9tropole.<\/p>\n<p class=\" wall-content\">Dans le parc am\u00e9nag\u00e9 en surface, la m\u00e9tropole avait choisi d\u2019ajouter une statue de la Pucelle et une commande de <strong>170\u2009000\u00a0euros<\/strong> avait \u00e9t\u00e9 pass\u00e9e avec l\u2019Atelier Missor.<\/p>\n<p class=\" wall-content\">L\u2019initiative avait provoqu\u00e9 des r\u00e9ticences \u00e0 gauche, d\u2019autant qu\u2019elle \u00e9tait port\u00e9e par Ga\u00ebl Nofri, pr\u00e9sident de Parcs d\u2019Azur, adjoint au maire <a href=\"https:\/\/actu.fr\/tag\/christian-estrosi\" target=\"_blank\" rel=\"noopener\">Christian Estrosi<\/a> (Horizons) mais pass\u00e9 par le Front national.<\/p>\n<p>Un march\u00e9 public en question<\/p>\n<p class=\" wall-content\">Un doute sur la l\u00e9galit\u00e9 du march\u00e9 public avait pouss\u00e9 l\u2019ancien pr\u00e9fet des <a href=\"https:\/\/actu.fr\/provence-alpes-cote-d-azur\/alpes-maritimes_06\" target=\"_blank\" rel=\"noopener\">Alpes-Maritimes<\/a>, Hugues Moutouh, \u00e0 saisir le tribunal administratif et la d\u00e9cision du tribunal avait \u00e9t\u00e9 rendue en janvier\u2009: faute de mise en concurrence, le march\u00e9 avait \u00e9t\u00e9 annul\u00e9 et ordre avait \u00e9t\u00e9 donn\u00e9 de <strong>d\u00e9monter la statue<\/strong>.<\/p>\n<p class=\" wall-content\">Saisie par la r\u00e9gie Parcs d\u2019Azur et par Missor, la cour administrative d\u2019appel (CAA) de Marseille s\u2019est pench\u00e9e d\u00e9but juillet sur ce dossier.<\/p>\n<p class=\" wall-content\">Mais si, dans son arr\u00eat jeudi, elle a \u00ab\u2009confirm\u00e9 la n\u00e9cessit\u00e9 d\u2019une mise en concurrence\u2009\u00bb, elle a estim\u00e9 que l\u2019\u00ab\u2009irr\u00e9gularit\u00e9\u2009\u00bb relev\u00e9e n\u2019avait pas \u00ab\u2009\u00e9t\u00e9 commise intentionnellement dans le but de favoriser l\u2019Atelier Missor\u2009\u00bb et que donc cela n\u2019\u00e9tait pas \u00ab\u2009de nature \u00e0 justifier l\u2019annulation du contrat\u2009\u00bb.<\/p>\n<p>Un pourvoi en cassation \u00e9tudi\u00e9<\/p>\n<p class=\" wall-content\">Dans un communiqu\u00e9, la pr\u00e9fecture a \u00ab\u2009pris acte\u2009\u00bb jeudi de cette d\u00e9cision, pr\u00e9cisant cependant qu\u2019un \u00ab\u2009pourvoi en cassation devant le Conseil d\u2019\u00c9tat est \u00e9tudi\u00e9 par les services de l\u2019\u00c9tat\u2009\u00bb.<\/p>\n<p class=\" wall-content\">\u00ab\u2009Nous avons gagn\u00e9, la statue de Jeanne d\u2019Arc est sauv\u00e9e\u2009!\u2009\u00bb, a r\u00e9agi de son c\u00f4t\u00e9 Me Carine Chaix, avocate de l\u2019atelier Missor, estimant qu\u2019il s\u2019agit d\u2019une \u00ab\u2009belle victoire [\u2026] pour cette belle statue de Jeanne d\u2019Arc et pour l\u2019art\u2009\u00bb. Christian Estrosi a lui salu\u00e9 une \u00ab\u2009d\u00e9cision de justice qui reconna\u00eet la l\u00e9gitimit\u00e9 et la r\u00e9gularit\u00e9 d\u2019un projet port\u00e9 avec conviction\u2009\u00bb.<\/p>\n<p class=\" wall-content\">La statue en bronze, dor\u00e9e \u00e0 l\u2019or fin, <strong>p\u00e8se 9\u00a0tonnes et mesure 4,50 m\u00e8tres<\/strong> de hauteur. Elle repr\u00e9sente une Jeanne jeune et ardente, en armure et \u00e0 cheval, brandissant une \u00e9p\u00e9e qu\u2019elle tient par la lame. Un geste d\u2019apaisement selon Missor, une mani\u00e8re d\u00e9tourn\u00e9e de brandir une croix selon ses d\u00e9tracteurs.<\/p>\n<p class=\" wall-content\"><strong>AVEC AFP<\/strong><\/p>\n<p class=\" wall-content\">Suivez toute l\u2019actualit\u00e9 de vos villes et m\u00e9dias favoris en vous inscrivant \u00e0 <a href=\"https:\/\/moncompte.actu.fr\" title=\"D\u00e9couvez Mon Actu\" rel=\"nofollow noopener\" data-trk=\"{&quot;cta&quot;:{&quot;action&quot;:&quot;https:\\\/\\\/moncompte.actu.fr&quot;,&quot;category&quot;:&quot;mon compte&quot;,&quot;from&quot;:&quot;article footer&quot;,&quot;name&quot;:&quot;Mon actu&quot;,&quot;type&quot;:&quot;cta&quot;}}\" target=\"_blank\">Mon Actu<\/a>.<\/p>\n","protected":false},"excerpt":{"rendered":"Par R\u00e9daction Nice Publi\u00e9 le 18 juil. 2025 \u00e0 12h16 La fin d\u2019une pol\u00e9mique\u2009? Le d\u00e9boulonnage d\u2019une statue&hellip;\n","protected":false},"author":2,"featured_media":256286,"comment_status":"","ping_status":"","sticky":false,"template":"","format":"standard","meta":{"footnotes":""},"categories":[2819],"tags":[1111,11,2397,1777,674,1011,27,303,12,2401,2551,882,25,104],"class_list":{"0":"post-256285","1":"post","2":"type-post","3":"status-publish","4":"format-standard","5":"has-post-thumbnail","7":"category-nice","8":"tag-actu","9":"tag-actualites","10":"tag-christian-estrosi","11":"tag-eu","12":"tag-europe","13":"tag-fr","14":"tag-france","15":"tag-justice","16":"tag-news","17":"tag-nice","18":"tag-patrimoine","19":"tag-provence-alpes-cote-dazur","20":"tag-republique-francaise","21":"tag-societe"},"share_on_mastodon":{"url":"https:\/\/pubeurope.com\/@fr\/114874114636181951","error":""},"_links":{"self":[{"href":"https:\/\/www.europesays.com\/fr\/wp-json\/wp\/v2\/posts\/256285","targetHints":{"allow":["GET"]}}],"collection":[{"href":"https:\/\/www.europesays.com\/fr\/wp-json\/wp\/v2\/posts"}],"about":[{"href":"https:\/\/www.europesays.com\/fr\/wp-json\/wp\/v2\/types\/post"}],"author":[{"embeddable":true,"href":"https:\/\/www.europesays.com\/fr\/wp-json\/wp\/v2\/users\/2"}],"replies":[{"embeddable":true,"href":"https:\/\/www.europesays.com\/fr\/wp-json\/wp\/v2\/comments?post=256285"}],"version-history":[{"count":0,"href":"https:\/\/www.europesays.com\/fr\/wp-json\/wp\/v2\/posts\/256285\/revisions"}],"wp:featuredmedia":[{"embeddable":true,"href":"https:\/\/www.europesays.com\/fr\/wp-json\/wp\/v2\/media\/256286"}],"wp:attachment":[{"href":"https:\/\/www.europesays.com\/fr\/wp-json\/wp\/v2\/media?parent=256285"}],"wp:term":[{"taxonomy":"category","embeddable":true,"href":"https:\/\/www.europesays.com\/fr\/wp-json\/wp\/v2\/categories?post=256285"},{"taxonomy":"post_tag","embeddable":true,"href":"https:\/\/www.europesays.com\/fr\/wp-json\/wp\/v2\/tags?post=256285"}],"curies":[{"name":"wp","href":"https:\/\/api.w.org\/{rel}","templated":true}]}}