{"id":256287,"date":"2025-07-18T11:57:10","date_gmt":"2025-07-18T11:57:10","guid":{"rendered":"https:\/\/www.europesays.com\/fr\/256287\/"},"modified":"2025-07-18T11:57:10","modified_gmt":"2025-07-18T11:57:10","slug":"les-cuves-de-carburant-de-lepave-videes-la-peche-toujours-interdite","status":"publish","type":"post","link":"https:\/\/www.europesays.com\/fr\/256287\/","title":{"rendered":"les cuves de carburant de l\u2019\u00e9pave vid\u00e9es, la p\u00eache toujours interdite"},"content":{"rendered":"<p>            Par<br \/>\n        <strong><br \/>\n            <a href=\"https:\/\/actu.fr\/auteur\/coralie-ganivet\" title=\"Consulter tous les articles de Coralie Ganivet\" target=\"_blank\" rel=\"noopener\">Coralie Ganivet<\/a><br \/>\n        <\/strong><\/p>\n<p>        Publi\u00e9 le<\/p>\n<p>            18 juil. 2025 \u00e0 13h32        <\/p>\n<p>La situation continue d\u2019aller dans le bon sens apr\u00e8s le naufrage d\u2019un bateau participant aux travaux de r\u00e9\u00e9quilibrage du lit de la Loire \u00e0 <a href=\"https:\/\/actu.fr\/pays-de-la-loire\/saint-julien-de-concelles_44169\" target=\"_blank\" rel=\"noopener\">Saint-Julien-de-Concelles<\/a>, mardi 15\u00a0juillet dans la matin\u00e9e.<\/p>\n<p class=\" wall-content\"><b>Une premi\u00e8re pollution \u00e9tait survenue au moment de l\u2019accident<\/b>. Des traces d\u2019hydrocarbure avaient \u00e9t\u00e9 d\u00e9tect\u00e9es \u00e0 la surface de l\u2019eau dans un rayon de 500\u00a0m autour de l\u2019\u00e9pave.<\/p>\n<p class=\" wall-content\">Depuis, la pr\u00e9fecture de Loire-Atlantique assure que <b>les reconnaissances fluviales r\u00e9guli\u00e8res<\/b> effectu\u00e9es par l\u2019entreprise \u00e0 qui le bateau appartient et par le SDIS (Service d\u00e9partemental d\u2019incendie et de secours) \u00ab\u2009n\u2019ont pas identifi\u00e9 de trace de pollution, ni irisation, ni odeur sur la zone\u2009\u00bb.<\/p>\n<p>Plus de carburant dans les cuves<\/p>\n<p class=\" wall-content\">Les autorit\u00e9s informent par ailleurs que \u00ab\u2009les op\u00e9rations de reconnaissance (de l\u2019\u00e9pave) ont \u00e9t\u00e9 finalis\u00e9es et ont permis de confirmer qu\u2019<b>il ne restait plus d\u2019hydrocarbure dans les cuves du bateau<\/b>\u2009\u00bb.<\/p>\n<p>Vid\u00e9os : en ce moment sur Actu<\/p>\n<p class=\" wall-content\">Pour autant, et par mesure de pr\u00e9caution, les 145\u00a0m de barrage flottant ont \u00e9t\u00e9 laiss\u00e9s autour de l\u2019\u00e9pave. Et pour renforcer le dispositif de surveillance, \u00ab\u2009un barrage absorbant a \u00e9t\u00e9 install\u00e9 au niveau de la station de pompage situ\u00e9e \u00e0 Mauves-sur-Loire\u2009\u00bb.<\/p>\n<p class=\" wall-content\">Concernant la qualit\u00e9 de l\u2019eau, les services de l\u2019\u00c9tat ont \u00e9tabli <b>un plan de pr\u00e9l\u00e8vement de l\u2019eau dans la Loire \u00e0 8 points diff\u00e9rents<\/b>, couvrant une zone de Mauves-sur-Loire \u00e0 Cordemais, pour compl\u00e9ter les analyses d\u00e9j\u00e0 lanc\u00e9es au niveau des points de captage des usines de production d\u2019eau potable, notamment \u00e0 <a href=\"https:\/\/actu.fr\/pays-de-la-loire\/basse-goulaine_44009\" target=\"_blank\" rel=\"noopener\">Basse-Goulaine<\/a>.<\/p>\n<p>    <img   decoding=\"async\" loading=\"lazy\" class=\"size-large\" src=\"https:\/\/www.europesays.com\/fr\/wp-content\/uploads\/2025\/07\/9e1b271177786f22b27117778472b2v-1-960x640.jpg\" alt=\"Pollution p\u00eache Loire, Saint-Julien-de-Concelles\" width=\"960\" height=\"640\"\/><br \/>\n    En bleu, les zones o\u00f9 la p\u00eache est interdite dans la Loire. \u00a9Capture d\u2019\u00e9cran arr\u00eat\u00e9 pr\u00e9fectoralLa p\u00eache toujours interdite en attendant des r\u00e9sultats<\/p>\n<p class=\" wall-content\">En attendant les r\u00e9sultats de ces pr\u00e9l\u00e8vements, le pr\u00e9fet a d\u00e9cid\u00e9 de <b>maintenir l\u2019arr\u00eat\u00e9 pris interdisant la p\u00eache professionnelle dans la Loire<\/b>, de Nantes \u00e0 Thouar\u00e9-sur-Loire. Il est pour l\u2019heure en vigueur jusqu\u2019\u00e0 ce vendredi 18\u00a0juillet \u00e0 minuit.<\/p>\n<p class=\" wall-content\">\u00c0 noter \u00e9galement que <b>la p\u00eache de loisir est \u00e9galement toujours interdite<\/b> sur les communes de Nantes, Saint-S\u00e9bastien-sur-Loire, Sainte-Luce-sur-Loire, Basse-Goulaine, Saint-Julien-de-Concelles et Thouar\u00e9-sur-Loire.<\/p>\n<p class=\" wall-content\">Suivez toute l\u2019actualit\u00e9 de vos villes et m\u00e9dias favoris en vous inscrivant \u00e0 <a href=\"https:\/\/moncompte.actu.fr\" title=\"D\u00e9couvez Mon Actu\" rel=\"nofollow noopener\" data-trk=\"{&quot;cta&quot;:{&quot;action&quot;:&quot;https:\\\/\\\/moncompte.actu.fr&quot;,&quot;category&quot;:&quot;mon compte&quot;,&quot;from&quot;:&quot;article footer&quot;,&quot;name&quot;:&quot;Mon actu&quot;,&quot;type&quot;:&quot;cta&quot;}}\" target=\"_blank\">Mon Actu<\/a>.<\/p>\n","protected":false},"excerpt":{"rendered":"Par Coralie Ganivet Publi\u00e9 le 18 juil. 2025 \u00e0 13h32 La situation continue d\u2019aller dans le bon sens&hellip;\n","protected":false},"author":2,"featured_media":256288,"comment_status":"","ping_status":"","sticky":false,"template":"","format":"standard","meta":{"footnotes":""},"categories":[2818],"tags":[1111,11,1777,674,118,1011,27,3367,766,12,2636,1800,25,2900],"class_list":{"0":"post-256287","1":"post","2":"type-post","3":"status-publish","4":"format-standard","5":"has-post-thumbnail","7":"category-nantes","8":"tag-actu","9":"tag-actualites","10":"tag-eu","11":"tag-europe","12":"tag-faits-divers","13":"tag-fr","14":"tag-france","15":"tag-loire","16":"tag-nantes","17":"tag-news","18":"tag-pays-de-la-loire","19":"tag-pollution","20":"tag-republique-francaise","21":"tag-vignoble-nantais"},"share_on_mastodon":{"url":"https:\/\/pubeurope.com\/@fr\/114874118572883530","error":""},"_links":{"self":[{"href":"https:\/\/www.europesays.com\/fr\/wp-json\/wp\/v2\/posts\/256287","targetHints":{"allow":["GET"]}}],"collection":[{"href":"https:\/\/www.europesays.com\/fr\/wp-json\/wp\/v2\/posts"}],"about":[{"href":"https:\/\/www.europesays.com\/fr\/wp-json\/wp\/v2\/types\/post"}],"author":[{"embeddable":true,"href":"https:\/\/www.europesays.com\/fr\/wp-json\/wp\/v2\/users\/2"}],"replies":[{"embeddable":true,"href":"https:\/\/www.europesays.com\/fr\/wp-json\/wp\/v2\/comments?post=256287"}],"version-history":[{"count":0,"href":"https:\/\/www.europesays.com\/fr\/wp-json\/wp\/v2\/posts\/256287\/revisions"}],"wp:featuredmedia":[{"embeddable":true,"href":"https:\/\/www.europesays.com\/fr\/wp-json\/wp\/v2\/media\/256288"}],"wp:attachment":[{"href":"https:\/\/www.europesays.com\/fr\/wp-json\/wp\/v2\/media?parent=256287"}],"wp:term":[{"taxonomy":"category","embeddable":true,"href":"https:\/\/www.europesays.com\/fr\/wp-json\/wp\/v2\/categories?post=256287"},{"taxonomy":"post_tag","embeddable":true,"href":"https:\/\/www.europesays.com\/fr\/wp-json\/wp\/v2\/tags?post=256287"}],"curies":[{"name":"wp","href":"https:\/\/api.w.org\/{rel}","templated":true}]}}