{"id":256289,"date":"2025-07-18T11:58:11","date_gmt":"2025-07-18T11:58:11","guid":{"rendered":"https:\/\/www.europesays.com\/fr\/256289\/"},"modified":"2025-07-18T11:58:11","modified_gmt":"2025-07-18T11:58:11","slug":"fc-nantes-mercato-une-recrue-estivale-fait-deja-rire-en-interne","status":"publish","type":"post","link":"https:\/\/www.europesays.com\/fr\/256289\/","title":{"rendered":"FC Nantes Mercato\u00a0: une recrue estivale fait d\u00e9j\u00e0 rire en interne\u00a0!"},"content":{"rendered":"<p><strong>Le mercato du FC Nantes a commenc\u00e9 sur des bases prudentes, mais l\u2019un des premiers choix estivaux commence d\u00e9j\u00e0 \u00e0 faire parler\u2026 pour de mauvaises raisons.\u00a0<\/strong><\/p>\n<p>Pr\u00e9sent lors de la premi\u00e8re victoire du FC Nantes en amical contre Laval le week-end dernier (2-0), Uros Radakovic n\u2019a pas convaincu tout le monde. En effet, selon Mohamed Toubache-Ter, le niveau affich\u00e9 par la recrue estivale des Canaris susciterait quelques sourires ironiques du c\u00f4t\u00e9 de la Joneli\u00e8re\u00a0: \u00ab\u00a0Elle a de la suite dans les id\u00e9es, cette cellule de recrutement\u2026 sans oublier le coach qui fait venir un DC dont le niveau faire rire certains \u00e0 Nantes.\u00a0\u00bb<\/p>\n<p>Arriv\u00e9 discr\u00e8tement cet \u00e9t\u00e9, le d\u00e9fenseur central serbe de 31 ans, pass\u00e9 notamment par l\u2019Autriche, la Russie et la R\u00e9publique tch\u00e8que, devait apporter une certaine stabilit\u00e9 au sein de la charni\u00e8re d\u00e9fensive nantaise mais ses premiers pas au FC Nantes auraient s\u00e9rieusement interpell\u00e9.<\/p>\n<p>La pique de Toubache-Ter vise \u00e0 la fois la direction sportive et le nouvel entra\u00eeneur, dont le choix de miser sur Radakovic semble d\u00e9j\u00e0 contest\u00e9. Si ce n\u2019est que le d\u00e9but de la pr\u00e9paration estivale, les signaux envoy\u00e9s sont loin d\u2019\u00eatre rassurants. Le FC Nantes, qui avait d\u00e9j\u00e0 souffert d\u00e9fensivement la saison derni\u00e8re, esp\u00e9rait un renfort fiable. Pour l\u2019instant, la recrue interroge plus qu\u2019elle ne rassure.<\/p>\n","protected":false},"excerpt":{"rendered":"Le mercato du FC Nantes a commenc\u00e9 sur des bases prudentes, mais l\u2019un des premiers choix estivaux commence&hellip;\n","protected":false},"author":2,"featured_media":256290,"comment_status":"","ping_status":"","sticky":false,"template":"","format":"standard","meta":{"footnotes":""},"categories":[2818],"tags":[1111,11,448,1777,674,63,1011,27,66,3388,766,12,2636,25,10662],"class_list":{"0":"post-256289","1":"post","2":"type-post","3":"status-publish","4":"format-standard","5":"has-post-thumbnail","7":"category-nantes","8":"tag-actu","9":"tag-actualites","10":"tag-champions-league","11":"tag-eu","12":"tag-europe","13":"tag-football","14":"tag-fr","15":"tag-france","16":"tag-ligue-1","17":"tag-matchs","18":"tag-nantes","19":"tag-news","20":"tag-pays-de-la-loire","21":"tag-republique-francaise","22":"tag-transferts"},"share_on_mastodon":{"url":"https:\/\/pubeurope.com\/@fr\/114874122497603394","error":""},"_links":{"self":[{"href":"https:\/\/www.europesays.com\/fr\/wp-json\/wp\/v2\/posts\/256289","targetHints":{"allow":["GET"]}}],"collection":[{"href":"https:\/\/www.europesays.com\/fr\/wp-json\/wp\/v2\/posts"}],"about":[{"href":"https:\/\/www.europesays.com\/fr\/wp-json\/wp\/v2\/types\/post"}],"author":[{"embeddable":true,"href":"https:\/\/www.europesays.com\/fr\/wp-json\/wp\/v2\/users\/2"}],"replies":[{"embeddable":true,"href":"https:\/\/www.europesays.com\/fr\/wp-json\/wp\/v2\/comments?post=256289"}],"version-history":[{"count":0,"href":"https:\/\/www.europesays.com\/fr\/wp-json\/wp\/v2\/posts\/256289\/revisions"}],"wp:featuredmedia":[{"embeddable":true,"href":"https:\/\/www.europesays.com\/fr\/wp-json\/wp\/v2\/media\/256290"}],"wp:attachment":[{"href":"https:\/\/www.europesays.com\/fr\/wp-json\/wp\/v2\/media?parent=256289"}],"wp:term":[{"taxonomy":"category","embeddable":true,"href":"https:\/\/www.europesays.com\/fr\/wp-json\/wp\/v2\/categories?post=256289"},{"taxonomy":"post_tag","embeddable":true,"href":"https:\/\/www.europesays.com\/fr\/wp-json\/wp\/v2\/tags?post=256289"}],"curies":[{"name":"wp","href":"https:\/\/api.w.org\/{rel}","templated":true}]}}