{"id":256295,"date":"2025-07-18T12:01:15","date_gmt":"2025-07-18T12:01:15","guid":{"rendered":"https:\/\/www.europesays.com\/fr\/256295\/"},"modified":"2025-07-18T12:01:15","modified_gmt":"2025-07-18T12:01:15","slug":"lecole-toulousaine-esimode-met-la-creation-a-lhonneur-haute-garonne-toulouse","status":"publish","type":"post","link":"https:\/\/www.europesays.com\/fr\/256295\/","title":{"rendered":"L&rsquo;\u00e9cole toulousaine ESIMODE met la cr\u00e9ation \u00e0 l&rsquo;honneur &#8211; Haute Garonne &#8211; Toulouse"},"content":{"rendered":"<p>                    <img width=\"2560\" height=\"1707\" src=\"https:\/\/www.europesays.com\/fr\/wp-content\/uploads\/2025\/07\/\u00a9ESIMODE4-scaled.jpg\" class=\"img-fluid landscape wp-post-image\" alt=\"41e d\u00e9fil\u00e9 annuel le 30 juin dernier au Casino Barri\u00e8re\" itemprop=\"image\" decoding=\"async\" fetchpriority=\"high\"  \/>                    <\/p>\n<p itemprop=\"name\">\n                                                41e d\u00e9fil\u00e9 annuel le 30 juin dernier au Casino Barri\u00e8re<br \/>\n                         Cr\u00e9dits :<br \/>\n                            esimode\n                                                <\/p>\n<p><strong>L&rsquo;\u00e9cole toulousaine a organis\u00e9 son 41e d\u00e9fil\u00e9 annuel le <b>30 juin<\/b> dernier au Casino Barri\u00e8re.\u00a0<\/strong>&#13;<br \/>\n&#13;<br \/>\nFin juin, l&rsquo;\u00e9cole sup\u00e9rieure internationale de la mode de Toulouse a pr\u00e9sent\u00e9 sa 41e \u00e9dition de son d\u00e9fil\u00e9 annuel au Casino Barri\u00e8re. Un \u00e9v\u00e9nement qui rassemble des spectateurs autour des cr\u00e9ations des futurs professionnels de la mode.&#13;<br \/>\n&#13;<br \/>\nCette ann\u00e9e, 11 mod\u00e9listes de 3e ann\u00e9e et 18 stylistes de 4e ann\u00e9e sont mont\u00e9s sur sc\u00e8ne pour pr\u00e9senter leurs collections. Chaque \u00e9tudiant a d\u00e9voil\u00e9 3 \u00e0 5 silhouettes, fruit de leur travail de toute l&rsquo;ann\u00e9e. Si les stylistes ont eu carte blanche sur leur th\u00e8me, les mod\u00e9listes ont interpr\u00e9t\u00e9 \u00ab\u00a0La renaissance\u00a0\u00bb \u00e0 leur fa\u00e7on.&#13;<br \/>\n&#13;<br \/>\n<strong>Une nouveaut\u00e9 engag\u00e9e<\/strong>&#13;<br \/>\n&#13;<br \/>\nL&rsquo;\u00e9dition 2025 a marqu\u00e9 un tournant avec une exigence in\u00e9dite : chaque \u00e9tudiant int\u00e8gre au moins une pi\u00e8ce inclusive \u00e0 sa collection. \u00ab\u00a0Nos \u00e9tudiants sont form\u00e9s aux techniques de mod\u00e9lisme et de cr\u00e9ation, mais nous avons \u00e9galement pour r\u00f4le de leur ouvrir l&rsquo;esprit sur les enjeux de l&rsquo;avenir du secteur de la mode en g\u00e9n\u00e9ral,\u00a0\u00bb explique Nathalie Cuenca, directrice d&rsquo;ESIMODE.&#13;<br \/>\n&#13;<br \/>\nCette d\u00e9marche s&rsquo;inscrit dans la politique de l&rsquo;\u00e9cole qui mise de plus en plus sur la mode durable et responsable, notamment \u00e0 travers des masterclass ax\u00e9es sur l&rsquo;upcycling, la tra\u00e7abilit\u00e9 et les pratiques \u00e9thiques.&#13;<br \/>\n&#13;<br \/>\n<strong>Un parrain prestigieux<\/strong>&#13;<br \/>\n&#13;<br \/>\nApr\u00e8s Stella &amp; Suzie en 2024 et Thierry Mugler en 2023, c&rsquo;est la maison de Haute Couture Azzedine Ala\u00efa qui parraine le d\u00e9fil\u00e9. Aur\u00e9lie Gaillard, responsable du pr\u00eat-\u00e0-porter, est all\u00e9e \u00e0 la rencontre des \u00e9tudiants pour \u00e9changer sur leur quotidien et l&rsquo;avenir de leurs m\u00e9tiers.&#13;<br \/>\n&#13;<br \/>\n<strong>Une ancienne \u00e9l\u00e8ve \u00e0 l&rsquo;honneur<\/strong>&#13;<br \/>\n&#13;<br \/>\nL&rsquo;invit\u00e9e d&rsquo;honneur, Nancy Montignon, ancienne dipl\u00f4m\u00e9e de 2012, incarne la r\u00e9ussite internationale. Aujourd&rsquo;hui mod\u00e9liste chez Reformation \u00e0 Los Angeles, elle a accept\u00e9 de revenir \u00ab\u00a0avec une immense \u00e9motion\u00a0\u00bb dans l&rsquo;\u00e9cole qui lui a \u00ab\u00a0permis de poser les bases solides\u00a0\u00bb de son m\u00e9tier.&#13;<br \/>\n&#13;<br \/>\nApr\u00e8s avoir travaill\u00e9 chez Quiksilver pendant quatre ans, elle s&rsquo;est install\u00e9e aux \u00c9tats-Unis en 2016 pour devenir bilingue et s&rsquo;ouvrir \u00e0 de nouvelles opportunit\u00e9s. Son conseil aux \u00e9tudiants : \u00ab\u00a0Croire en eux et en leurs r\u00eaves, m\u00eame lorsqu&rsquo;ils semblent ambitieux ou hors d&rsquo;atteinte.\u00a0\u00bb<\/p>\n<p>                Cet article est r\u00e9serv\u00e9 aux abonn\u00e9s.<\/p>\n<p class=\"signature\" itemscope=\"\" itemprop=\"Author\" itemtype=\"http:\/\/schema.org\/Person\">\n                MS31\n            <\/p>\n","protected":false},"excerpt":{"rendered":"41e d\u00e9fil\u00e9 annuel le 30 juin dernier au Casino Barri\u00e8re Cr\u00e9dits : esimode L&rsquo;\u00e9cole toulousaine a organis\u00e9 son&hellip;\n","protected":false},"author":2,"featured_media":256296,"comment_status":"","ping_status":"","sticky":false,"template":"","format":"standard","meta":{"footnotes":""},"categories":[2816],"tags":[1111,11,1777,674,1011,27,23720,12,2680,301,25,2312],"class_list":{"0":"post-256295","1":"post","2":"type-post","3":"status-publish","4":"format-standard","5":"has-post-thumbnail","7":"category-toulouse","8":"tag-actu","9":"tag-actualites","10":"tag-eu","11":"tag-europe","12":"tag-fr","13":"tag-france","14":"tag-internet-seulement","15":"tag-news","16":"tag-occitanie","17":"tag-premium","18":"tag-republique-francaise","19":"tag-toulouse"},"share_on_mastodon":{"url":"https:\/\/pubeurope.com\/@fr\/114874134375946081","error":""},"_links":{"self":[{"href":"https:\/\/www.europesays.com\/fr\/wp-json\/wp\/v2\/posts\/256295","targetHints":{"allow":["GET"]}}],"collection":[{"href":"https:\/\/www.europesays.com\/fr\/wp-json\/wp\/v2\/posts"}],"about":[{"href":"https:\/\/www.europesays.com\/fr\/wp-json\/wp\/v2\/types\/post"}],"author":[{"embeddable":true,"href":"https:\/\/www.europesays.com\/fr\/wp-json\/wp\/v2\/users\/2"}],"replies":[{"embeddable":true,"href":"https:\/\/www.europesays.com\/fr\/wp-json\/wp\/v2\/comments?post=256295"}],"version-history":[{"count":0,"href":"https:\/\/www.europesays.com\/fr\/wp-json\/wp\/v2\/posts\/256295\/revisions"}],"wp:featuredmedia":[{"embeddable":true,"href":"https:\/\/www.europesays.com\/fr\/wp-json\/wp\/v2\/media\/256296"}],"wp:attachment":[{"href":"https:\/\/www.europesays.com\/fr\/wp-json\/wp\/v2\/media?parent=256295"}],"wp:term":[{"taxonomy":"category","embeddable":true,"href":"https:\/\/www.europesays.com\/fr\/wp-json\/wp\/v2\/categories?post=256295"},{"taxonomy":"post_tag","embeddable":true,"href":"https:\/\/www.europesays.com\/fr\/wp-json\/wp\/v2\/tags?post=256295"}],"curies":[{"name":"wp","href":"https:\/\/api.w.org\/{rel}","templated":true}]}}