{"id":256297,"date":"2025-07-18T12:02:16","date_gmt":"2025-07-18T12:02:16","guid":{"rendered":"https:\/\/www.europesays.com\/fr\/256297\/"},"modified":"2025-07-18T12:02:16","modified_gmt":"2025-07-18T12:02:16","slug":"a-quelle-heure-voir-la-caravane-et-les-coureurs","status":"publish","type":"post","link":"https:\/\/www.europesays.com\/fr\/256297\/","title":{"rendered":"\u00e0 quelle heure voir la caravane et les coureurs"},"content":{"rendered":"<p>            Par<br \/>\n        <strong><br \/>\n            <a href=\"https:\/\/actu.fr\/auteur\/david-saint-sernin\" title=\"Consulter tous les articles de David Saint-Sernin\" rel=\"nofollow noopener\" target=\"_blank\">David Saint-Sernin<\/a><br \/>\n        <\/strong><\/p>\n<p>        Publi\u00e9 le<\/p>\n<p>            18 juil. 2025 \u00e0 13h19        <\/p>\n<p>Apr\u00e8s<a href=\"https:\/\/actu.fr\/occitanie\/toulouse_31555\/video-tour-de-france-2025-vous-l-avez-manque-revivez-le-passage-des-coureurs-a-toulouse_62921831.html\" rel=\"nofollow noopener\" target=\"_blank\"> un passage inoubliable \u00e0 Toulouse<\/a> mercredi, puis une parenth\u00e8se dans le Gers et les <strong>Hautes-Pyr\u00e9n\u00e9es ce jeudi et de ce vendredi, le Tour de France va \u00e0 nouveau passer par la Haute-Garonne<\/strong> les samedi 19 et dimanche 20 juillet 2025. Voici, en d\u00e9tail, les heures de passage de la caravane et des coureurs.<\/p>\n<p>Samedi 19 juillet : 14e \u00e9tape entre Pau et Luchon-Superbagn\u00e8res\u00a0<\/p>\n<p class=\" wall-content\">Ce samedi, c\u2019est la 14e \u00e9tape, <strong>Pau-Luchon-Superbagn\u00e8res<\/strong>, longue de 182,6 km, qui va se terminer dans notre d\u00e9partement.\u00a0<\/p>\n<p class=\" wall-content\"><strong>Voici ensuite les horaires du parcours, avec d\u2019abord le temps de passage de la caravane, puis celui des coureurs :\u00a0<\/strong><\/p>\n<p class=\" wall-content\"><strong>Col de Peyresourde<\/strong> : 14h 42 puis 16h25 ; <strong>Garin<\/strong> : 14h49, puis 16H23 ;\u00a0<br \/><strong>Tr\u00e9bons-de-Luchon<\/strong> (pr\u00e8s) : 14h56 puis 16h39 ; <strong>Bagn\u00e8res-de-Luchon<\/strong> (Carrefour D618-D125) : 14h59 puis 16h42 ; Ravi (D125-D46) : 15h08, puis 16h51; <strong>Pont de Ravi<\/strong> D46 : 15h09 puis 16h51 ; L\u2019Ourson : 15h19 puis 17h ; La Carri\u00e8re : 15h31 puis 17h11; Superbagn\u00e8res : 15h40 puis 17h20; <strong>Luchon-Superbagn\u00e8res<\/strong> : 15h44 puis 17h24.<\/p>\n<p>    <img   decoding=\"async\" loading=\"lazy\" src=\"https:\/\/www.europesays.com\/fr\/wp-content\/uploads\/2025\/07\/gvonmdqwmaapuca-960x640.jpg\" alt=\"Le parcours de la 14e \u00e9tape entre Pau et Luchon-Superbagn\u00e8res.\" width=\"960\" height=\"640\"\/><br \/>\n    Le parcours de la 14e \u00e9tape entre Pau et Luchon-Superbagn\u00e8res. (\u00a9ASO)Dimanche 20 juillet : 15e \u00e9tape entre Muret et Carcassonne<\/p>\n<p class=\" wall-content\">La 15e \u00e9tape du Tour de France 2025 se d\u00e9roulera ce dimanche 20\u00a0 juillet. Elle m\u00e8nera les coureurs de Muret \u00e0 Carcassonne.\u00a0<\/p>\n<p>Vid\u00e9os : en ce moment sur Actu<\/p>\n<p class=\" wall-content\"><strong>Voici ensuite les horaires du parcours, avec d\u2019abord le temps de passage de la caravane, puis celui des coureurs :\u00a0<\/strong><\/p>\n<p class=\" wall-content\"><strong>Muret<\/strong> (D29-D63 D) : 11h40 puis 13h40; <strong>Eaunes<\/strong> : 11h53 puis 13h52; <strong>Lagardelle-sur-L\u00e8ze<\/strong> : 12h02 puis 14h01 ; <strong>Miremont<\/strong> (Carrefour D12-D48) : 12h19 puis 14h17; <strong>Nailloux<\/strong>\u00a0 : 14h59 puis 14h53; <strong>Villefranche-de-Lauragais<\/strong> : 13h07 puis 15h01 ; <strong>Vall\u00e8gue<\/strong> : 13h19 puis 15h12 ;<strong> Lux<\/strong> : 13h19 puis 15h22 ;<strong> Juzes<\/strong> : 13h31 puis 15h24 ; <strong>Saint-F\u00e9lix-Lauragais<\/strong> : 13h41 puis 15h33 ; Revel : 13h53 puis 15h45 ; <strong>C\u00f4te de Saint-Ferr\u00e9ol<\/strong> : 13h56 puis 15h48.<\/p>\n<p>    <img   decoding=\"async\" loading=\"lazy\" src=\"https:\/\/www.europesays.com\/fr\/wp-content\/uploads\/2025\/07\/carcassonne-960x640.jpg\" alt=\"La 15e \u00e9tape du Tour de France m\u00e8nera les coureurs de Muret \u00e0 Carcassonne, dimanche 20 juillet 2025.\" width=\"960\" height=\"640\"\/><br \/>\n    La 15e \u00e9tape du Tour de France m\u00e8nera les coureurs de Muret \u00e0 Carcassonne, dimanche 20 juillet 2025. (\u00a9ASO)<\/p>\n<p class=\" wall-content\">Suivez toute l\u2019actualit\u00e9 de vos villes et m\u00e9dias favoris en vous inscrivant \u00e0 <a href=\"https:\/\/moncompte.actu.fr\" title=\"D\u00e9couvez Mon Actu\" rel=\"nofollow noopener\" data-trk=\"{&quot;cta&quot;:{&quot;action&quot;:&quot;https:\\\/\\\/moncompte.actu.fr&quot;,&quot;category&quot;:&quot;mon compte&quot;,&quot;from&quot;:&quot;article footer&quot;,&quot;name&quot;:&quot;Mon actu&quot;,&quot;type&quot;:&quot;cta&quot;}}\" target=\"_blank\">Mon Actu<\/a>.<\/p>\n<ul class=\"ac-article-tag wall-content\">\n<li><a href=\"https:\/\/actu.fr\/tag\/tour-de-france\" data-trk=\"{&quot;cta&quot;:{&quot;action&quot;:&quot;Tour de France&quot;,&quot;category&quot;:&quot;tag&quot;,&quot;from&quot;:&quot;article footer&quot;,&quot;name&quot;:&quot;Tour de France&quot;,&quot;type&quot;:&quot;cta&quot;}}\" rel=\"nofollow noopener\" target=\"_blank\">#Tour de France<\/a><\/li>\n<li><a href=\"https:\/\/actu.fr\/tag\/tour-de-france-2025\" data-trk=\"{&quot;cta&quot;:{&quot;action&quot;:&quot;Tour de France 2025&quot;,&quot;category&quot;:&quot;tag&quot;,&quot;from&quot;:&quot;article footer&quot;,&quot;name&quot;:&quot;Tour de France 2025&quot;,&quot;type&quot;:&quot;cta&quot;}}\" rel=\"nofollow noopener\" target=\"_blank\">#Tour de France 2025<\/a><\/li>\n<\/ul>\n","protected":false},"excerpt":{"rendered":"Par David Saint-Sernin Publi\u00e9 le 18 juil. 2025 \u00e0 13h19 Apr\u00e8s un passage inoubliable \u00e0 Toulouse mercredi, puis&hellip;\n","protected":false},"author":2,"featured_media":256298,"comment_status":"","ping_status":"","sticky":false,"template":"","format":"standard","meta":{"footnotes":""},"categories":[2816],"tags":[1111,11,1777,674,3696,1011,27,12,2680,25,2312,210,2116],"class_list":{"0":"post-256297","1":"post","2":"type-post","3":"status-publish","4":"format-standard","5":"has-post-thumbnail","7":"category-toulouse","8":"tag-actu","9":"tag-actualites","10":"tag-eu","11":"tag-europe","12":"tag-evenements","13":"tag-fr","14":"tag-france","15":"tag-news","16":"tag-occitanie","17":"tag-republique-francaise","18":"tag-toulouse","19":"tag-tour-de-france","20":"tag-tour-de-france-2025"},"share_on_mastodon":{"url":"https:\/\/pubeurope.com\/@fr\/114874138353148410","error":""},"_links":{"self":[{"href":"https:\/\/www.europesays.com\/fr\/wp-json\/wp\/v2\/posts\/256297","targetHints":{"allow":["GET"]}}],"collection":[{"href":"https:\/\/www.europesays.com\/fr\/wp-json\/wp\/v2\/posts"}],"about":[{"href":"https:\/\/www.europesays.com\/fr\/wp-json\/wp\/v2\/types\/post"}],"author":[{"embeddable":true,"href":"https:\/\/www.europesays.com\/fr\/wp-json\/wp\/v2\/users\/2"}],"replies":[{"embeddable":true,"href":"https:\/\/www.europesays.com\/fr\/wp-json\/wp\/v2\/comments?post=256297"}],"version-history":[{"count":0,"href":"https:\/\/www.europesays.com\/fr\/wp-json\/wp\/v2\/posts\/256297\/revisions"}],"wp:featuredmedia":[{"embeddable":true,"href":"https:\/\/www.europesays.com\/fr\/wp-json\/wp\/v2\/media\/256298"}],"wp:attachment":[{"href":"https:\/\/www.europesays.com\/fr\/wp-json\/wp\/v2\/media?parent=256297"}],"wp:term":[{"taxonomy":"category","embeddable":true,"href":"https:\/\/www.europesays.com\/fr\/wp-json\/wp\/v2\/categories?post=256297"},{"taxonomy":"post_tag","embeddable":true,"href":"https:\/\/www.europesays.com\/fr\/wp-json\/wp\/v2\/tags?post=256297"}],"curies":[{"name":"wp","href":"https:\/\/api.w.org\/{rel}","templated":true}]}}