{"id":256305,"date":"2025-07-18T12:06:10","date_gmt":"2025-07-18T12:06:10","guid":{"rendered":"https:\/\/www.europesays.com\/fr\/256305\/"},"modified":"2025-07-18T12:06:10","modified_gmt":"2025-07-18T12:06:10","slug":"la502-est-fermee-en-direction-de-marseille-en-raison-dun-accident","status":"publish","type":"post","link":"https:\/\/www.europesays.com\/fr\/256305\/","title":{"rendered":"l&rsquo;A502 est ferm\u00e9e en direction de Marseille en raison d&rsquo;un accident"},"content":{"rendered":"<p>Un accident est en cours sur l\u2019A502, qui permet de rejoindre l\u2019A50 \u00e0 partir du secteur de la Bourbonne (Aubagne). Et ce en direction de Marseille. Toutes les voies sont coup\u00e9es sur ce barreau autoroutier car l\u2019unique voiture concern\u00e9e se trouve au milieu des voies. Deux v\u00e9hicules sont impliqu\u00e9s, indiquent les pompiers des Bouches-du-Rh\u00f4ne qui interviennent sur place. Quatre victimes ont \u00e9t\u00e9 recens\u00e9es\u00a0: elles ont \u00e9t\u00e9 l\u00e9g\u00e8rement bless\u00e9es. Pour l\u2019heure, la circulation ne para\u00eet pas perturb\u00e9e dans cette zone.<\/p>\n","protected":false},"excerpt":{"rendered":"Un accident est en cours sur l\u2019A502, qui permet de rejoindre l\u2019A50 \u00e0 partir du secteur de la&hellip;\n","protected":false},"author":2,"featured_media":256306,"comment_status":"","ping_status":"","sticky":false,"template":"","format":"standard","meta":{"footnotes":""},"categories":[2814],"tags":[17,1111,11,8008,13635,932,1777,674,274,4069,1011,27,39627,884,12,882,13637,25],"class_list":{"0":"post-256305","1":"post","2":"type-post","3":"status-publish","4":"format-standard","5":"has-post-thumbnail","7":"category-marseille","8":"tag-17","9":"tag-actu","10":"tag-actualites","11":"tag-aubagne","12":"tag-direction","13":"tag-est","14":"tag-eu","15":"tag-europe","16":"tag-faits-divers-justice","17":"tag-fermee","18":"tag-fr","19":"tag-france","20":"tag-la502","21":"tag-marseille","22":"tag-news","23":"tag-provence-alpes-cote-dazur","24":"tag-raison","25":"tag-republique-francaise"},"share_on_mastodon":{"url":"https:\/\/pubeurope.com\/@fr\/114874153994679275","error":""},"_links":{"self":[{"href":"https:\/\/www.europesays.com\/fr\/wp-json\/wp\/v2\/posts\/256305","targetHints":{"allow":["GET"]}}],"collection":[{"href":"https:\/\/www.europesays.com\/fr\/wp-json\/wp\/v2\/posts"}],"about":[{"href":"https:\/\/www.europesays.com\/fr\/wp-json\/wp\/v2\/types\/post"}],"author":[{"embeddable":true,"href":"https:\/\/www.europesays.com\/fr\/wp-json\/wp\/v2\/users\/2"}],"replies":[{"embeddable":true,"href":"https:\/\/www.europesays.com\/fr\/wp-json\/wp\/v2\/comments?post=256305"}],"version-history":[{"count":0,"href":"https:\/\/www.europesays.com\/fr\/wp-json\/wp\/v2\/posts\/256305\/revisions"}],"wp:featuredmedia":[{"embeddable":true,"href":"https:\/\/www.europesays.com\/fr\/wp-json\/wp\/v2\/media\/256306"}],"wp:attachment":[{"href":"https:\/\/www.europesays.com\/fr\/wp-json\/wp\/v2\/media?parent=256305"}],"wp:term":[{"taxonomy":"category","embeddable":true,"href":"https:\/\/www.europesays.com\/fr\/wp-json\/wp\/v2\/categories?post=256305"},{"taxonomy":"post_tag","embeddable":true,"href":"https:\/\/www.europesays.com\/fr\/wp-json\/wp\/v2\/tags?post=256305"}],"curies":[{"name":"wp","href":"https:\/\/api.w.org\/{rel}","templated":true}]}}