{"id":256311,"date":"2025-07-18T12:09:22","date_gmt":"2025-07-18T12:09:22","guid":{"rendered":"https:\/\/www.europesays.com\/fr\/256311\/"},"modified":"2025-07-18T12:09:22","modified_gmt":"2025-07-18T12:09:22","slug":"le-changement-climatique-en-ile-de-france-pourrait-couter-30-milliards-deuros-aux-pme","status":"publish","type":"post","link":"https:\/\/www.europesays.com\/fr\/256311\/","title":{"rendered":"Le changement climatique en \u00cele-de-France pourrait co\u00fbter 30 milliards d&rsquo;euros aux PME"},"content":{"rendered":"<p>Un \u00e9pisode de s\u00e9cheresse majeur dans la r\u00e9gion-capitale pourrait\u00a0\u00ab gravement perturber \u00bb\u00a0les activit\u00e9s, engendrant des co\u00fbts \u00e9conomiques pouvant atteindre 2,5 milliards d&rsquo;euros. Les co\u00fbts directs repr\u00e9senteraient 70 % du co\u00fbt \u00e9conomique total et les industries manufacturi\u00e8res et l&rsquo;agriculture seraient en premi\u00e8re ligne. C&rsquo;est la conclusion implacable d&rsquo;une \u00e9tude de l&rsquo;Organisation de coop\u00e9ration et de d\u00e9veloppement \u00e9conomique (OCDE) intitul\u00e9e\u00a0Adapter l&rsquo;\u00cele-de-France aux risques de rar\u00e9faction de l&rsquo;eau\u00a0et rendue publique ce lundi matin.<\/p>\n<p>D\u00e8s janvier dernier, le Centre d&rsquo;observation du commerce, de l&rsquo;industrie et des services d&rsquo;\u00cele-de-France (CROCIS-IDF), qui d\u00e9pend de la CCI francilienne, avait tir\u00e9 le premier. L&rsquo;organisme soulignait le manque de prise de conscience des petites et moyennes entreprises concernant cet enjeu, dans une \u00e9tude une \u00e9tude au titre des plus explicites :\u00a0L&rsquo;adaptation au changement climatique, un enjeu encore largement sous-estim\u00e9 par les PME franciliennes.\u00a0En cas de crue majeure, d\u00e9crivait le CROCIS, les dommages directs pourraient s&rsquo;\u00e9lever \u00e0 jusqu&rsquo;\u00e0 30 milliards d&rsquo;euros dans la r\u00e9gion-capitale pour celles-ci.<\/p>\n","protected":false},"excerpt":{"rendered":"Un \u00e9pisode de s\u00e9cheresse majeur dans la r\u00e9gion-capitale pourrait\u00a0\u00ab gravement perturber \u00bb\u00a0les activit\u00e9s, engendrant des co\u00fbts \u00e9conomiques pouvant&hellip;\n","protected":false},"author":2,"featured_media":256312,"comment_status":"","ping_status":"","sticky":false,"template":"","format":"standard","meta":{"footnotes":""},"categories":[1592],"tags":[17,1111,11,6560,1129,18877,39628,10183,1777,674,1011,27,662,10260,12,626,2864,25],"class_list":{"0":"post-256311","1":"post","2":"type-post","3":"status-publish","4":"format-standard","5":"has-post-thumbnail","7":"category-ile-de-france","8":"tag-17","9":"tag-actu","10":"tag-actualites","11":"tag-changement","12":"tag-climat","13":"tag-climatique","14":"tag-couter","15":"tag-deuros","16":"tag-eu","17":"tag-europe","18":"tag-fr","19":"tag-france","20":"tag-ile-de-france","21":"tag-milliards","22":"tag-news","23":"tag-paris","24":"tag-pourrait","25":"tag-republique-francaise"},"share_on_mastodon":{"url":"https:\/\/pubeurope.com\/@fr\/114874165809108615","error":""},"_links":{"self":[{"href":"https:\/\/www.europesays.com\/fr\/wp-json\/wp\/v2\/posts\/256311","targetHints":{"allow":["GET"]}}],"collection":[{"href":"https:\/\/www.europesays.com\/fr\/wp-json\/wp\/v2\/posts"}],"about":[{"href":"https:\/\/www.europesays.com\/fr\/wp-json\/wp\/v2\/types\/post"}],"author":[{"embeddable":true,"href":"https:\/\/www.europesays.com\/fr\/wp-json\/wp\/v2\/users\/2"}],"replies":[{"embeddable":true,"href":"https:\/\/www.europesays.com\/fr\/wp-json\/wp\/v2\/comments?post=256311"}],"version-history":[{"count":0,"href":"https:\/\/www.europesays.com\/fr\/wp-json\/wp\/v2\/posts\/256311\/revisions"}],"wp:featuredmedia":[{"embeddable":true,"href":"https:\/\/www.europesays.com\/fr\/wp-json\/wp\/v2\/media\/256312"}],"wp:attachment":[{"href":"https:\/\/www.europesays.com\/fr\/wp-json\/wp\/v2\/media?parent=256311"}],"wp:term":[{"taxonomy":"category","embeddable":true,"href":"https:\/\/www.europesays.com\/fr\/wp-json\/wp\/v2\/categories?post=256311"},{"taxonomy":"post_tag","embeddable":true,"href":"https:\/\/www.europesays.com\/fr\/wp-json\/wp\/v2\/tags?post=256311"}],"curies":[{"name":"wp","href":"https:\/\/api.w.org\/{rel}","templated":true}]}}