{"id":256315,"date":"2025-07-18T12:11:10","date_gmt":"2025-07-18T12:11:10","guid":{"rendered":"https:\/\/www.europesays.com\/fr\/256315\/"},"modified":"2025-07-18T12:11:10","modified_gmt":"2025-07-18T12:11:10","slug":"5-restaurants-pour-voyager-en-italie-sans-quitter-paris","status":"publish","type":"post","link":"https:\/\/www.europesays.com\/fr\/256315\/","title":{"rendered":"5 restaurants pour voyager en Italie sans quitter Paris"},"content":{"rendered":"<p>Tout l\u2019\u00e9t\u00e9, Le Figaro vous propose sa s\u00e9lection de tables pour se croire en vacances dans la capitale. Premi\u00e8re escale sur la Botte, entre pasta, pizza, vitello tonnato et tiramis\u00f9.<\/p>\n<p>Le taulier: Osteria Ferrara<\/p>\n<p class=\"fig-paragraph\">Figure de la cuisine italienne \u00e0 Paris, le Sicilien Fabrizio Ferrra, pass\u00e9 jadis par le Relais Plaza d\u2019Alain Ducasse, s\u2019est install\u00e9 il y a presque dix ans (l\u2019an prochain\u00a0!), dans un vieux bistrot de Faidherbe, qu\u2019il a transform\u00e9 en auberge lumineuse. \u00c0 sa carte qui suit les saisons, des classiques soign\u00e9s de toute la Botte (vitello tonnato, p\u00e2tes \u00e0 la Norma, pannacotta), mais aussi des recettes qui sortent des sentiers battus (risotto citron, marjolaine et pecorino au poivre, raviolis \u00e0 ricotta, moules et fleurs de courgette, soupe de melon et sorbet thym citron et miel). Sans oublier la terrasse\u00a0!<\/p>\n<p class=\"fig-paragraph\"><a href=\"https:\/\/www.osteriaferrara.com\/\" target=\"_blank\" rel=\"sponsored noopener\" data-gtm-custom-categorie=\"navigation\" data-gtm-custom-action=\"crossclick\" data-gtm-custom-label=\"Contextuel\" data-gtm-event=\"customEventSPE\">Osteria Ferrara.<\/a> \u00a07, Rue du Dahomey (11e). T\u00e9l.\u00a0: 01 43 71 67 69. Tlj sf dim. Carte\u00a0: 50-60\u20ac. Menu d\u00e9j.\u00a0: 28\u20ac. Ouvert tout l\u2019\u00e9t\u00e9.<\/p>\n<p>                                    <a class=\"fig-a11y-skip a11y-hidden\" href=\"#fig-a11y-skip-main-inarticle\"><br \/>\n        Passer la publicit\u00e9<br \/>\n    <\/a><\/p>\n<p>L\u2019anglo-saxon: Altro Frenchie<\/p>\n<p class=\"fig-paragraph\">Voici un peu plus d\u2019un an que la sandwicherie gourmet de\u00a0<a href=\"https:\/\/www.lefigaro.fr\/gastronomie\/le-chef-etoile-greg-marchand-devoile-au-figaro-son-nouveau-restaurant-italien-a-paris-20230602\" data-fig-type=\"Article\" data-gtm-custom-categorie=\"navigation\" data-gtm-custom-action=\"crossclick\" data-gtm-custom-label=\"Contextuel\" data-gtm-event=\"customEventSPE\" data-fig-domain=\"LEFIGARO\" target=\"_blank\" rel=\"noopener\">Greg Marchand<\/a>, FTG, a laiss\u00e9 place \u00e0 sa table transalpine d\u2019inspiration new-yorkaise et londonienne. Dans un cadre de trattoria glamour, l\u2019\u00e9toil\u00e9 de Frenchie prend des libert\u00e9s avec les recettes traditionnelles et convoque des produits de choix dans des assiettes pleines de caract\u00e8re, des poissons crus et marin\u00e9s (thon matur\u00e9, maquereau, daurade) \u00e0 la tarte chocolat inspir\u00e9e du Nemesis du River Caf\u00e9, en passant par les gnudi beurre sauge et la c\u00f4telette de veau \u00e0 la milanaise.<\/p>\n<p class=\"fig-paragraph\">Altro Frenchie. 9, rue du Nil (2e). T\u00e9l.\u00a0: 01 42 21 96 92. Tlj. Carte\u00a0: 45-90\u20ac. Menu d\u00e9j.\u00a0: 34\u20ac. Ouvert tout l\u2019\u00e9t\u00e9 (le soir seulement du 10 au 21 ao\u00fbt).<\/p>\n<p>Le pizza\u00efolo\u00a0: Casa di Peppe<\/p>\n<p class=\"fig-paragraph\">Envie d\u2019une pizza napolitaine dans les r\u00e8gles de l\u2019art, \u00e0 la p\u00e2te moelleuse et aux rebords g\u00e9n\u00e9reux\u00a0? Une escale chez Giuseppe Cutraro est toujours un succ\u00e8s\u00a0! Malgr\u00e9 l\u2019expansion de son enseigne lanc\u00e9e d\u00e9but 2020 dans le quartier Saint-Blaise (20e), le Napolitain titr\u00e9 continue d\u2019envoyer des disques \u00e0 la p\u00e2te digeste (maturation de 36 h) qui figurent parmi les meilleurs de l\u2019Hexagone, ma\u00eetrisant les classiques (margherita, marinara, regina) et s\u2019autorisant des cr\u00e9ations comme sa championne du monde (tomate jaune, bufala, provolone, jambon cru, amandes grill\u00e9es, figue). S\u2019en convaincre par exemple dans son adresse rive gauche dot\u00e9e d\u2019une vaste terrasse.<\/p>\n<p class=\"fig-paragraph\"><a href=\"https:\/\/www.casadipeppe.fr\/\" target=\"_blank\" rel=\"sponsored noopener\" data-gtm-custom-categorie=\"navigation\" data-gtm-custom-action=\"crossclick\" data-gtm-custom-label=\"Contextuel\" data-gtm-event=\"customEventSPE\">Casa di Peppe.<\/a> \u00a0222, rue Saint-Jacques (5e). T\u00e9l.\u00a0: 01 43 54 78 68. Tlj. Carte: 25-40\u20ac. Ouvert tout l\u2019\u00e9t\u00e9.<\/p>\n<p>Le branch\u00e9\u00a0: Scarpetta<\/p>\n<p class=\"fig-paragraph\">L\u2019ancienne salumeria Faggio de Fabio Lombardi, mitoyenne de son excellente\u00a0<a href=\"https:\/\/www.lefigaro.fr\/gastronomie\/les-10-meilleures-pizzerias-de-paris-20240223\" target=\"_blank\" data-fig-type=\"Article\" rel=\"noopener\" data-gtm-custom-categorie=\"navigation\" data-gtm-custom-action=\"crossclick\" data-gtm-custom-label=\"Contextuel\" data-gtm-event=\"customEventSPE\" data-fig-domain=\"LEFIGARO\">pizzeria<\/a>\u00a0de Pigalle, s\u2019est transform\u00e9e il y a un an en temple des p\u00e2tes fra\u00eeches. En terrasse courue ou \u00e0 l\u2019int\u00e9rieur fa\u00e7on trattoria r\u00e9tro chic, place \u00e0 une cuisine transalpine classique et parfaitement ex\u00e9cut\u00e9e\u00a0: beignets de fleur de courgette garnis de mozzarella, vitello tonnato, roul\u00e9s d\u2019aubergine alla parmigiana, maccheroncini poivron et saucisse, linguine tomates et gambas, saltimbocca romain, panna cotta aux p\u00eaches ou encore tiramis\u00f9. Le tout arros\u00e9 bien s\u00fbr de vins nature, fran\u00e7ais et italiens.<\/p>\n<p>                                    <a class=\"fig-a11y-skip a11y-hidden\" href=\"#fig-a11y-skip-main-inarticle_mtf\"><br \/>\n        Passer la publicit\u00e9<br \/>\n    <\/a><\/p>\n<p class=\"fig-paragraph\"><a href=\"https:\/\/www.scarpetta-paris.fr\/\" target=\"_blank\" rel=\"sponsored noopener\" data-gtm-custom-categorie=\"navigation\" data-gtm-custom-action=\"crossclick\" data-gtm-custom-label=\"Contextuel\" data-gtm-event=\"customEventSPE\">Scarpetta.<\/a> \u00a072, rue Marguerite-de-Rochechouart (9e). T\u00e9l.\u00a0: 06 88 91 06 43. Tous les soirs sf mar. et mer. Le WE au d\u00e9jeuner. Carte: 45-55\u20ac. Ouvert tout l\u2019\u00e9t\u00e9.<\/p>\n<p>Le multicartes\u00a0: Eataly<\/p>\n<p class=\"fig-paragraph\">Chaque grande ville italienne a son magasin Eataly, enseigne lanc\u00e9e en 2007 \u00e0 Turin par le Pi\u00e9montais Oscar Farinetti autour d\u2019un concept m\u00ealant \u00e9tals garnis de bons produits, restaurants et \u00e9cole de cuisine. Paris aussi, depuis 2019, entre Seine et Marais\u00a0! L\u2019endroit id\u00e9al pour d\u00e9nicher de quoi garnir un pique-nique ou pr\u00e9parer un d\u00eener (mozza, charcuterie, fruits et l\u00e9gumes&#8230;), mais aussi prendre un aperitivo aux couleurs des diff\u00e9rentes r\u00e9gions en terrasse, d\u00e9guster un plat de p\u00e2tes, une salade ou une pizza sur le pouce \u00e0 La Pizza (au centre du magasin), s\u2019offrir une glace anti-canicule&#8230; Et m\u00eame un buffet \u00e0 volont\u00e9 avec musique live, le dimanche soir (34\u20ac par personne).<\/p>\n<p class=\"fig-paragraph\"><a href=\"https:\/\/eataly.fr\/pages\/la-piazza\" target=\"_blank\" rel=\"sponsored noopener\" data-gtm-custom-categorie=\"navigation\" data-gtm-custom-action=\"crossclick\" data-gtm-custom-label=\"Contextuel\" data-gtm-event=\"customEventSPE\">Eataly Paris.<\/a> \u00a0\u00a037, rue Sainte-Croix-de-la-Bretonnerie (4e). T\u00e9l.\u00a0: 01 83 65 81 00. Tlj. Ouvert tout l\u2019\u00e9t\u00e9.<\/p>\n","protected":false},"excerpt":{"rendered":"Tout l\u2019\u00e9t\u00e9, Le Figaro vous propose sa s\u00e9lection de tables pour se croire en vacances dans la capitale.&hellip;\n","protected":false},"author":2,"featured_media":256316,"comment_status":"","ping_status":"","sticky":false,"template":"","format":"standard","meta":{"footnotes":""},"categories":[1888],"tags":[1111,1928,11,1927,1777,674,1011,27,12,1926,626,1925,25,2068],"class_list":{"0":"post-256315","1":"post","2":"type-post","3":"status-publish","4":"format-standard","5":"has-post-thumbnail","7":"category-paris","8":"tag-actu","9":"tag-actu-paris","10":"tag-actualites","11":"tag-actualites-paris","12":"tag-eu","13":"tag-europe","14":"tag-fr","15":"tag-france","16":"tag-news","17":"tag-news-paris","18":"tag-paris","19":"tag-paris-news","20":"tag-republique-francaise","21":"tag-sortir-a-paris"},"share_on_mastodon":{"url":"https:\/\/pubeurope.com\/@fr\/114874173596063030","error":""},"_links":{"self":[{"href":"https:\/\/www.europesays.com\/fr\/wp-json\/wp\/v2\/posts\/256315","targetHints":{"allow":["GET"]}}],"collection":[{"href":"https:\/\/www.europesays.com\/fr\/wp-json\/wp\/v2\/posts"}],"about":[{"href":"https:\/\/www.europesays.com\/fr\/wp-json\/wp\/v2\/types\/post"}],"author":[{"embeddable":true,"href":"https:\/\/www.europesays.com\/fr\/wp-json\/wp\/v2\/users\/2"}],"replies":[{"embeddable":true,"href":"https:\/\/www.europesays.com\/fr\/wp-json\/wp\/v2\/comments?post=256315"}],"version-history":[{"count":0,"href":"https:\/\/www.europesays.com\/fr\/wp-json\/wp\/v2\/posts\/256315\/revisions"}],"wp:featuredmedia":[{"embeddable":true,"href":"https:\/\/www.europesays.com\/fr\/wp-json\/wp\/v2\/media\/256316"}],"wp:attachment":[{"href":"https:\/\/www.europesays.com\/fr\/wp-json\/wp\/v2\/media?parent=256315"}],"wp:term":[{"taxonomy":"category","embeddable":true,"href":"https:\/\/www.europesays.com\/fr\/wp-json\/wp\/v2\/categories?post=256315"},{"taxonomy":"post_tag","embeddable":true,"href":"https:\/\/www.europesays.com\/fr\/wp-json\/wp\/v2\/tags?post=256315"}],"curies":[{"name":"wp","href":"https:\/\/api.w.org\/{rel}","templated":true}]}}