{"id":256321,"date":"2025-07-18T12:14:10","date_gmt":"2025-07-18T12:14:10","guid":{"rendered":"https:\/\/www.europesays.com\/fr\/256321\/"},"modified":"2025-07-18T12:14:10","modified_gmt":"2025-07-18T12:14:10","slug":"quattendre-de-leur-concert","status":"publish","type":"post","link":"https:\/\/www.europesays.com\/fr\/256321\/","title":{"rendered":"qu\u2019attendre de leur concert ?"},"content":{"rendered":"<p>Le groupe mythique de heavy metal, Iron Maiden, est de retour en France pour deux concerts \u00e9v\u00e8nementiels \u00e0 Paris La D\u00e9fense Arena les 19 et 20 juillet 2025.<\/p>\n<p>Depuis 1975, <a href=\"https:\/\/www.fnac.com\/Iron-Maiden\/ia178956\" target=\"_blank\" rel=\"noreferrer noopener\">Iron Maiden<\/a> s\u2019est impos\u00e9 comme l\u2019un des groupes de heavy <a href=\"https:\/\/leclaireur.fnac.com\/article\/cp48446-les-origines-du-metal\/\" target=\"_blank\" rel=\"noreferrer noopener\">metal<\/a> les plus embl\u00e9matiques, et continue de rassembler des g\u00e9n\u00e9rations enti\u00e8res. Cette ann\u00e9e, la formation s\u2019est lanc\u00e9e dans une grande tourn\u00e9e intitul\u00e9e Run For Your Lives World Tour, d\u2019une dur\u00e9e de deux ans, d\u00e9butant par plusieurs concerts en Europe.<\/p>\n<p>Ces 19 et 20 juillet 2025, Iron Maiden est ainsi de retour en France \u00e0 Paris La D\u00e9fense Arena, et proposera, comme \u00e0 son habitude, un show exceptionnel, c\u00e9l\u00e9brant plus de 50 ans de carri\u00e8re. <\/p>\n<blockquote class=\"instagram-media\" data-instgrm-captioned=\"\" data-instgrm-permalink=\"https:\/\/www.instagram.com\/p\/DAa85HIi0AD\/?utm_source=ig_embed&amp;utm_campaign=loading\" data-instgrm-version=\"14\" style=\" background:#FFF; border:0; border-radius:3px; box-shadow:0 0 1px 0 rgba(0,0,0,0.5),0 1px 10px 0 rgba(0,0,0,0.15); margin: 1px; max-width:540px; min-width:326px; padding:0; width:99.375%; width:-webkit-calc(100% - 2px); width:calc(100% - 2px);\"\/>\n<p>La tourn\u00e9e se concentre, en effet, sur les neuf premiers albums studios du groupe. De cette fa\u00e7on, les artistes reviendront sur certains de leurs titres les plus embl\u00e9matiques, tels que The Trooper, Fear of the Dark, The Number of the Beast, Run to the Hills, ou encore Hallowed Be Thy Name.<\/p>\n<p>La setlist de la tourn\u00e9e d\u2019Iron Maiden est ainsi plus ou moins connue \u2014 des diff\u00e9rences peuvent avoir lieu selon les dates \u2014, et se compose d\u2019une quinzaine de titres avant le rappel, offrant au public un medley cons\u00e9quent des grandes r\u00e9ussites du groupe d\u2019heavy metal. <a href=\"https:\/\/www.fnacspectacles.com\/artist\/iron-maiden\/?srsltid=AfmBOoplsgAFBL5lV10RvNDjIZ8aw-wQA0QCyZK4uMl_mZH9ymDlfu2v\" target=\"_blank\" rel=\"noreferrer noopener\">La billetterie est encore ouverte<\/a> pour les deux dates \u00e0 Paris La D\u00e9fense Arena.<\/p>\n<p>Un show cons\u00e9quent pour c\u00e9l\u00e9brer un demi-si\u00e8cle de carri\u00e8re ?<\/p>\n<p>Iron Maiden s\u2019est toujours d\u00e9marqu\u00e9, durant cette longue carri\u00e8re, par des concerts exceptionnels \u00e0 la sc\u00e9nographie pouss\u00e9e. Jouant avec leur direction artistique habituelle, inspir\u00e9e des univers d\u2019<a href=\"https:\/\/www.fnac.com\/Howard-Phillips-Lovecraft\/ia6673\" target=\"_blank\" rel=\"noreferrer noopener\">H.P. Lovecraft<\/a>, des mythes et l\u00e9gendes, des folklores divers et de l\u2019imaginaire entourant la mort, Iron Maiden propose \u00e0 chaque fois des moments de <a href=\"https:\/\/www.fnac.com\/musique.asp\" target=\"_blank\" rel=\"noreferrer noopener\">musique<\/a> et de spectacle sensationnel.<\/p>\n<p>Pour ce Run For Your Lives World Tour, le groupe voit grand avec un show spectaculaire, m\u00ealant jeu de lumi\u00e8re, de son et de flammes, tout en mettant en avant le plus important : l\u2019\u00e9nergie, la pr\u00e9sence et l\u2019univers musical du groupe. Apr\u00e8s 50 ans dans le milieu, Iron Maiden continue d\u2019\u00eatre aussi impactant.<\/p>\n<p><strong class=\"small\">En stock<\/strong><\/p>\n<p>        Acheter sur Fnac.com<\/p>\n<p>        <script async src=\"\/\/www.instagram.com\/embed.js\"><\/script><\/p>\n","protected":false},"excerpt":{"rendered":"Le groupe mythique de heavy metal, Iron Maiden, est de retour en France pour deux concerts \u00e9v\u00e8nementiels \u00e0&hellip;\n","protected":false},"author":2,"featured_media":256322,"comment_status":"","ping_status":"","sticky":false,"template":"","format":"standard","meta":{"footnotes":""},"categories":[1888],"tags":[11,1697,1777,674,1011,27,25292,12,626,25,4441],"class_list":{"0":"post-256321","1":"post","2":"type-post","3":"status-publish","4":"format-standard","5":"has-post-thumbnail","7":"category-paris","8":"tag-actualites","9":"tag-concert","10":"tag-eu","11":"tag-europe","12":"tag-fr","13":"tag-france","14":"tag-iron-maiden","15":"tag-news","16":"tag-paris","17":"tag-republique-francaise","18":"tag-tournee"},"share_on_mastodon":{"url":"https:\/\/pubeurope.com\/@fr\/114874185366669985","error":""},"_links":{"self":[{"href":"https:\/\/www.europesays.com\/fr\/wp-json\/wp\/v2\/posts\/256321","targetHints":{"allow":["GET"]}}],"collection":[{"href":"https:\/\/www.europesays.com\/fr\/wp-json\/wp\/v2\/posts"}],"about":[{"href":"https:\/\/www.europesays.com\/fr\/wp-json\/wp\/v2\/types\/post"}],"author":[{"embeddable":true,"href":"https:\/\/www.europesays.com\/fr\/wp-json\/wp\/v2\/users\/2"}],"replies":[{"embeddable":true,"href":"https:\/\/www.europesays.com\/fr\/wp-json\/wp\/v2\/comments?post=256321"}],"version-history":[{"count":0,"href":"https:\/\/www.europesays.com\/fr\/wp-json\/wp\/v2\/posts\/256321\/revisions"}],"wp:featuredmedia":[{"embeddable":true,"href":"https:\/\/www.europesays.com\/fr\/wp-json\/wp\/v2\/media\/256322"}],"wp:attachment":[{"href":"https:\/\/www.europesays.com\/fr\/wp-json\/wp\/v2\/media?parent=256321"}],"wp:term":[{"taxonomy":"category","embeddable":true,"href":"https:\/\/www.europesays.com\/fr\/wp-json\/wp\/v2\/categories?post=256321"},{"taxonomy":"post_tag","embeddable":true,"href":"https:\/\/www.europesays.com\/fr\/wp-json\/wp\/v2\/tags?post=256321"}],"curies":[{"name":"wp","href":"https:\/\/api.w.org\/{rel}","templated":true}]}}