{"id":256323,"date":"2025-07-18T12:15:13","date_gmt":"2025-07-18T12:15:13","guid":{"rendered":"https:\/\/www.europesays.com\/fr\/256323\/"},"modified":"2025-07-18T12:15:13","modified_gmt":"2025-07-18T12:15:13","slug":"la-russie-arrete-une-russo-americaine-accusee-de-transporter-un-pistolet-dans-ses-bagages","status":"publish","type":"post","link":"https:\/\/www.europesays.com\/fr\/256323\/","title":{"rendered":"La Russie arr\u00eate une Russo-am\u00e9ricaine accus\u00e9e de transporter un pistolet dans ses bagages"},"content":{"rendered":"<p>Les douanes russes ont annonc\u00e9 vendredi avoir arr\u00eat\u00e9 une citoyenne russo-am\u00e9ricaine dans un a\u00e9roport de Moscou, disant avoir trouv\u00e9 un pistolet et un ch\u00e8que d&rsquo;une valeur de 138.000 dollars non d\u00e9clar\u00e9s dans ses bagages.<\/p>\n<p>Elle arrivait des Etats-Unis, via la Turquie, et a \u00e9t\u00e9 arr\u00eat\u00e9e \u00e0 l&rsquo;a\u00e9roport moscovite de Vnoukovo, selon les services douaniers.<\/p>\n<p>\u00ab\u00a0Les douaniers de Vnoukovo ont emp\u00each\u00e9 l&rsquo;importation ill\u00e9gale d&rsquo;un pistolet et d&rsquo;un ch\u00e8que bancaire d&rsquo;une valeur de 138.000 dollars\u00a0\u00bb (pr\u00e8s de 119.000 euros), a annonc\u00e9 le service des douanes f\u00e9d\u00e9ral sur Telegram.<\/p>\n<p>Selon les autorit\u00e9s, des agents ont effectu\u00e9 une fouille al\u00e9atoire alors qu&rsquo;elle franchissait le corridor \u00ab\u00a0vert\u00a0\u00bb de l&rsquo;a\u00e9roport, utilis\u00e9 par les passagers qui n&rsquo;ont aucun bien \u00e0 d\u00e9clarer.<\/p>\n<p>\u00ab\u00a0Un pistolet semi-automatique Colt Combat Commander de calibre .45 avec trois chargeurs vides ont \u00e9t\u00e9 trouv\u00e9s dans la valise\u00a0\u00bb de la voyageuse, ont indiqu\u00e9 les douanes russes.<\/p>\n<p>Elle a ensuite sorti le ch\u00e8que bancaire de son sac \u00e0 main, ont-elles ajout\u00e9.<\/p>\n<p>D&rsquo;apr\u00e8s les autorit\u00e9s, cette femme, qui vit aux Etats-Unis, a affirm\u00e9 qu&rsquo;elle \u00ab\u00a0ne savait pas qu&rsquo;elle devait d\u00e9clarer les marchandises \u00e0 la douane, car elle a la double nationalit\u00e9\u00a0\u00bb.<\/p>\n<p>Plac\u00e9e en d\u00e9tention, elle est poursuivie pour contrebande d&rsquo;armes \u00e0 feu, la Russie ayant des lois strictes sur la possession de ce type d&rsquo;armement.<\/p>\n<p>La Russie a arr\u00eat\u00e9 plusieurs citoyens am\u00e9ricains depuis le lancement de son offensive en Ukraine en 2022, mais ce ph\u00e9nom\u00e8ne s&rsquo;est ralenti depuis le retour \u00e0 la Maison Blanche de Donald Trump.<\/p>\n","protected":false},"excerpt":{"rendered":"Les douanes russes ont annonc\u00e9 vendredi avoir arr\u00eat\u00e9 une citoyenne russo-am\u00e9ricaine dans un a\u00e9roport de Moscou, disant avoir&hellip;\n","protected":false},"author":2,"featured_media":7101,"comment_status":"","ping_status":"","sticky":false,"template":"","format":"standard","meta":{"footnotes":""},"categories":[1591],"tags":[11,1887,12,1885,1886,132],"class_list":{"0":"post-256323","1":"post","2":"type-post","3":"status-publish","4":"format-standard","5":"has-post-thumbnail","7":"category-russie","8":"tag-actualites","9":"tag-federation-de-russie","10":"tag-news","11":"tag-russia","12":"tag-russian-federation","13":"tag-russie"},"share_on_mastodon":{"url":"https:\/\/pubeurope.com\/@fr\/114874189328555881","error":""},"_links":{"self":[{"href":"https:\/\/www.europesays.com\/fr\/wp-json\/wp\/v2\/posts\/256323","targetHints":{"allow":["GET"]}}],"collection":[{"href":"https:\/\/www.europesays.com\/fr\/wp-json\/wp\/v2\/posts"}],"about":[{"href":"https:\/\/www.europesays.com\/fr\/wp-json\/wp\/v2\/types\/post"}],"author":[{"embeddable":true,"href":"https:\/\/www.europesays.com\/fr\/wp-json\/wp\/v2\/users\/2"}],"replies":[{"embeddable":true,"href":"https:\/\/www.europesays.com\/fr\/wp-json\/wp\/v2\/comments?post=256323"}],"version-history":[{"count":0,"href":"https:\/\/www.europesays.com\/fr\/wp-json\/wp\/v2\/posts\/256323\/revisions"}],"wp:featuredmedia":[{"embeddable":true,"href":"https:\/\/www.europesays.com\/fr\/wp-json\/wp\/v2\/media\/7101"}],"wp:attachment":[{"href":"https:\/\/www.europesays.com\/fr\/wp-json\/wp\/v2\/media?parent=256323"}],"wp:term":[{"taxonomy":"category","embeddable":true,"href":"https:\/\/www.europesays.com\/fr\/wp-json\/wp\/v2\/categories?post=256323"},{"taxonomy":"post_tag","embeddable":true,"href":"https:\/\/www.europesays.com\/fr\/wp-json\/wp\/v2\/tags?post=256323"}],"curies":[{"name":"wp","href":"https:\/\/api.w.org\/{rel}","templated":true}]}}