{"id":256326,"date":"2025-07-18T12:17:15","date_gmt":"2025-07-18T12:17:15","guid":{"rendered":"https:\/\/www.europesays.com\/fr\/256326\/"},"modified":"2025-07-18T12:17:15","modified_gmt":"2025-07-18T12:17:15","slug":"0-chinois-les-etats-unis-souhaitent-rayer-pekin-de-la-carte-des-cables-sous-marins","status":"publish","type":"post","link":"https:\/\/www.europesays.com\/fr\/256326\/","title":{"rendered":"0% chinois : les \u00c9tats-Unis souhaitent rayer P\u00e9kin de la carte des c\u00e2bles sous-marins"},"content":{"rendered":"<p>La Federal Communications Commission (FCC) s\u2019appr\u00eate, lors d\u2019un vote pr\u00e9vu d\u00e9but ao\u00fbt 2025, \u00e0 instaurer des mesures drastiques pour bannir toute technologie ou tout \u00e9quipement chinois des c\u00e2bles sous-marins reliant l\u2019Am\u00e9rique au reste du monde.\u00a0<\/p>\n<p>Les \u00c9tats-Unis s\u2019appr\u00eatent \u00e0 franchir un cap in\u00e9dit dans la guerre froide technologique qui les oppose \u00e0 P\u00e9kin. Washington souhaite compl\u00e8tement exclure toute technologie ou entreprise chinoise des r\u00e9seaux de c\u00e2bles sous-marins reliant le pays au reste du monde.<\/p>\n<p>Un projet tr\u00e8s ambitieux qui n\u00e9cessite d\u2019abord d\u2019\u00eatre concr\u00e9tis\u00e9 sur le plan r\u00e9glementaire. C\u2019est en ce sens que la FCC, l\u2019autorit\u00e9 de r\u00e9gulation des t\u00e9l\u00e9coms, pr\u00e9voit d\u2019instaurer de nouvelles r\u00e8gles strictes pour s\u00e9curiser ces infrastructures strat\u00e9giques.<\/p>\n<p>Dans\u00a0<a href=\"https:\/\/docs.fcc.gov\/public\/attachments\/DOC-413027A1.pdf\" target=\"_blank\" rel=\"noreferrer noopener nofollow\">un communiqu\u00e9<\/a> publi\u00e9 le 16 juillet 2025, Brendan Carr, chairman de la FCC, justifie ces mesures aupr\u00e8s des acteurs du secteur. Selon le haut fonctionnaire, la s\u00e9curit\u00e9 nationale est en jeu : \u00ab Nous avons vu ces derni\u00e8res ann\u00e9es des infrastructures de c\u00e2bles sous-marins menac\u00e9es par des adversaires \u00e9trangers, comme la Chine. Nous prenons donc des mesures ici pour prot\u00e9ger nos c\u00e2bles sous-marins contre la propri\u00e9t\u00e9, l\u2019acc\u00e8s ainsi que les menaces cyber et physiques d\u2019adversaires \u00e9trangers. \u00bb<\/p>\n<p>                <img decoding=\"async\" width=\"1024\" height=\"396\" loading=\"lazy\" alt=\"BIT BOX 3\" title=\"BIT BOX 3\" class=\"is-block placeholder-default wp-image\" src=\"https:\/\/www.europesays.com\/fr\/wp-content\/uploads\/2025\/07\/bit-box-3-1024x396.jpg\" \/>            <\/p>\n<p>\n                    Vos donn\u00e9es m\u00e9ritent d\u2019\u00eatre mieux prot\u00e9g\u00e9es.                <\/p>\n<p>\n                    Les escroqueries, les virus et les ransomwares ne sont plus une fatalit\u00e9. Prot\u00e9gez votre vie priv\u00e9e et vos donn\u00e9es personnelles avec Bitdefender et profitez de votre vie num\u00e9rique en toute s\u00e9r\u00e9nit\u00e9.                <\/p>\n<p><a href=\"https:\/\/www.numerama.com\/wp-content\/uploads\/2025\/07\/design-sans-titre-93.jpg\" rel=\"nofollow noopener\" target=\"_blank\"><img decoding=\"async\" width=\"1024\" height=\"576\" loading=\"lazy\" alt=\"\u00ab Les c\u00e2bles sous-marins sont les h\u00e9ros m\u00e9connus des communications mondiales \u00bb \/\/ Source : Brendan Carr, FCC\" title=\"\u00ab Les c\u00e2bles sous-marins sont les h\u00e9ros m\u00e9connus des communications mondiales \u00bb \/\/ Source : Brendan Carr, FCC\" class=\"wp-image-2035017 placeholder-default wp-image\" src=\"https:\/\/www.europesays.com\/fr\/wp-content\/uploads\/2025\/07\/design-sans-titre-93-1024x576.jpg\" \/><\/a>\u00ab Les c\u00e2bles sous-marins sont les h\u00e9ros m\u00e9connus des communications mondiales \u00bb \/\/ Brendan Carr, FCC<\/p>\n<p>L\u2019argument s\u00e9curitaire\u00a0: espionnage, sabotage, et guerre de l\u2019ombre<\/p>\n<p>L\u2019enjeu est critique pour les \u00c9tats-Unis qui estiment que les c\u00e2bles sous-marins transportent 99\u00a0% du trafic internet mondial, et les inqui\u00e9tudes ne sont pas infond\u00e9es. <\/p>\n<p>La vuln\u00e9rabilit\u00e9 des c\u00e2bles sous-marins face \u00e0 des sabotages <a href=\"https:\/\/www.numerama.com\/tech\/1857682-pour-proteger-les-cables-sous-marins-des-navires-de-guerre-de-lotan-bientot-mobilises.html\" data-type=\"link\" data-id=\"https:\/\/www.numerama.com\/tech\/1857682-pour-proteger-les-cables-sous-marins-des-navires-de-guerre-de-lotan-bientot-mobilises.html\" rel=\"nofollow noopener\" target=\"_blank\">est r\u00e9guli\u00e8rement au c\u0153ur des pr\u00e9occupations mondiales.<\/a> Plusieurs incidents r\u00e9cents, comme celui des <a href=\"https:\/\/www.numerama.com\/tech\/1848292-personne-ne-croit-que-ces-cables-ont-ete-coupes-par-accident-les-tres-suspectes-ruptures-de-cables-internet-dans-le-nord-de-leurope.html\" data-type=\"link\" data-id=\"https:\/\/www.numerama.com\/tech\/1848292-personne-ne-croit-que-ces-cables-ont-ete-coupes-par-accident-les-tres-suspectes-ruptures-de-cables-internet-dans-le-nord-de-leurope.html\" rel=\"nofollow noopener\" target=\"_blank\">c\u00e2bles sectionn\u00e9s par des navires <\/a>en mer Baltique, ont nourri les craintes d\u2019op\u00e9rations de d\u00e9stabilisation orchestr\u00e9es ou tol\u00e9r\u00e9es <a href=\"https:\/\/www.numerama.com\/tech\/1849212-cables-sous-marins-coupes-la-piste-dun-navire-chinois-suspect-traque-par-la-marine.html\" data-type=\"link\" data-id=\"https:\/\/www.numerama.com\/tech\/1849212-cables-sous-marins-coupes-la-piste-dun-navire-chinois-suspect-traque-par-la-marine.html\" rel=\"nofollow noopener\" target=\"_blank\">par la Chine ou la Russie. <\/a><\/p>\n<p>\u00c0 ces menaces s\u2019ajoutent des <a href=\"https:\/\/www.numerama.com\/cyberguerre\/453480-entre-pekin-et-huawei-litinerance-des-donnees.html\" data-type=\"link\" data-id=\"https:\/\/www.numerama.com\/cyberguerre\/453480-entre-pekin-et-huawei-litinerance-des-donnees.html\" rel=\"nofollow noopener\" target=\"_blank\">soup\u00e7ons anciens d\u2019espionnage<\/a>\u00a0: la FCC consid\u00e8re comme inacceptable que des composants sign\u00e9s Huawei Marine Technologies, ZTE, China Telecom ou China Mobile soient pr\u00e9sents dans le moindre segment d\u2019un c\u00e2ble connectant le territoire am\u00e9ricain.<\/p>\n<p>Les contours et limites d\u2019un projet colossal<\/p>\n<p>Cette volont\u00e9 de rupture s\u2019inscrit donc dans une strat\u00e9gie plus large : verrouiller tout acc\u00e8s \u00e0 ces \u201cadversaires \u00e9trangers\u201d et renforcer la souverainet\u00e9 num\u00e9rique am\u00e9ricaine.<\/p>\n<p><a href=\"https:\/\/therecord.media\/fcc-plans-to-ban-chinese-tech-undersea-cables\" data-type=\"link\" data-id=\"https:\/\/therecord.media\/fcc-plans-to-ban-chinese-tech-undersea-cables\" target=\"_blank\" rel=\"noreferrer noopener nofollow\">La FCC pr\u00e9voit d\u2019instaurer une \u201cpr\u00e9somption de refus\u201d<\/a> pour tout projet de construction, location ou exploitation de c\u00e2bles par une entit\u00e9 sous contr\u00f4le d\u2019un \u00c9tat \u00e9tranger jug\u00e9 hostile. Elle veut \u00e9galement interdire tout mat\u00e9riel provenant d\u2019acteurs inscrits sur sa liste noire, sans publier pour l\u2019instant la liste exhaustive des \u00e9quipements concern\u00e9s.<\/p>\n<p>Pour contrebalancer le manque-\u00e0-gagner, et ne pas prendre de retard technologique, le texte pr\u00e9voit \u00e9galement d\u2019<a href=\"https:\/\/www.fcc.gov\/news-events\/blog\/2025\/07\/16\/no-summer-slowdown\" target=\"_blank\" rel=\"noreferrer noopener nofollow\">acc\u00e9l\u00e9rer les proc\u00e9dures pour les projets port\u00e9s par des partenaires \u201cfiables\u201d<\/a>. \u00ab Alors que les \u00c9tats-Unis construisent des centres de donn\u00e9es et d\u2019autres infrastructures n\u00e9cessaires pour dominer le secteur de l\u2019IA et des technologies de nouvelle g\u00e9n\u00e9ration, ces c\u00e2bles sont plus importants que jamais. \u00bb, souligne Brendan Carr.<\/p>\n<p><a href=\"https:\/\/www.ft.com\/content\/8ac34fb9-6a51-4343-bfe4-fea566b4fa8c\" target=\"_blank\" rel=\"noreferrer noopener nofollow\">Le vote de la FCC est pr\u00e9vu pour le 7 ao\u00fbt 2025 <\/a>et si l\u2019ambition de Washington est claire, sa mise en \u0153uvre promet d\u2019\u00eatre tout sauf simple. Une pr\u00e9c\u00e9dente initiative, le \u201crip-and-replace\u201d ordonn\u00e9 pour remplacer les \u00e9quipements Huawei\/ZTE dans les r\u00e9seaux mobiles am\u00e9ricains, peine toujours \u00e0 aboutir, plus de 4 ans apr\u00e8s sa mise en place. La faute \u00e0 <a href=\"https:\/\/www.theregister.com\/2025\/07\/17\/fcc_china_subsea_cables\/\" data-type=\"link\" data-id=\"https:\/\/www.theregister.com\/2025\/07\/17\/fcc_china_subsea_cables\/\" target=\"_blank\" rel=\"noreferrer noopener nofollow\">des financements insuffisants et de lourds obstacles logistiques.<\/a><\/p>\n<p>            <img decoding=\"async\" src=\"https:\/\/www.europesays.com\/fr\/wp-content\/uploads\/2025\/04\/iPhone-16-pro.png\" alt=\"Toute l'actu tech en un clien d'oeil\"\/><\/p>\n<p class=\"card-install-pwa__title\">Toute l&rsquo;actu tech en un clin d&rsquo;\u0153il<\/p>\n<p class=\"card-install-pwa__description\">Ajoutez Numerama \u00e0 votre \u00e9cran d&rsquo;accueil et restez connect\u00e9s au futur !<\/p>\n<p>            <img decoding=\"async\" src=\"https:\/\/www.numerama.com\/wp-content\/themes\/numerama-next\/assets\/images\/premium\/logo-card-pwa-coupe.svg\" alt=\"Logo PWA\"\/><\/p>\n<p>       Installer Numerama<\/p>\n","protected":false},"excerpt":{"rendered":"La Federal Communications Commission (FCC) s\u2019appr\u00eate, lors d\u2019un vote pr\u00e9vu d\u00e9but ao\u00fbt 2025, \u00e0 instaurer des mesures drastiques&hellip;\n","protected":false},"author":2,"featured_media":256327,"comment_status":"","ping_status":"","sticky":false,"template":"","format":"standard","meta":{"footnotes":""},"categories":[1589],"tags":[11,309,73,1866,12,1864,1865,1863,308],"class_list":{"0":"post-256326","1":"post","2":"type-post","3":"status-publish","4":"format-standard","5":"has-post-thumbnail","7":"category-etats-unis","8":"tag-actualites","9":"tag-chine","10":"tag-etats-unis","11":"tag-etats-unis-damerique","12":"tag-news","13":"tag-united-states","14":"tag-united-states-of-america","15":"tag-us","16":"tag-usa"},"share_on_mastodon":{"url":"https:\/\/pubeurope.com\/@fr\/114874197355360683","error":""},"_links":{"self":[{"href":"https:\/\/www.europesays.com\/fr\/wp-json\/wp\/v2\/posts\/256326","targetHints":{"allow":["GET"]}}],"collection":[{"href":"https:\/\/www.europesays.com\/fr\/wp-json\/wp\/v2\/posts"}],"about":[{"href":"https:\/\/www.europesays.com\/fr\/wp-json\/wp\/v2\/types\/post"}],"author":[{"embeddable":true,"href":"https:\/\/www.europesays.com\/fr\/wp-json\/wp\/v2\/users\/2"}],"replies":[{"embeddable":true,"href":"https:\/\/www.europesays.com\/fr\/wp-json\/wp\/v2\/comments?post=256326"}],"version-history":[{"count":0,"href":"https:\/\/www.europesays.com\/fr\/wp-json\/wp\/v2\/posts\/256326\/revisions"}],"wp:featuredmedia":[{"embeddable":true,"href":"https:\/\/www.europesays.com\/fr\/wp-json\/wp\/v2\/media\/256327"}],"wp:attachment":[{"href":"https:\/\/www.europesays.com\/fr\/wp-json\/wp\/v2\/media?parent=256326"}],"wp:term":[{"taxonomy":"category","embeddable":true,"href":"https:\/\/www.europesays.com\/fr\/wp-json\/wp\/v2\/categories?post=256326"},{"taxonomy":"post_tag","embeddable":true,"href":"https:\/\/www.europesays.com\/fr\/wp-json\/wp\/v2\/tags?post=256326"}],"curies":[{"name":"wp","href":"https:\/\/api.w.org\/{rel}","templated":true}]}}