{"id":256330,"date":"2025-07-18T12:19:09","date_gmt":"2025-07-18T12:19:09","guid":{"rendered":"https:\/\/www.europesays.com\/fr\/256330\/"},"modified":"2025-07-18T12:19:09","modified_gmt":"2025-07-18T12:19:09","slug":"lonu-demande-larret-immediat-des-renvois-dafghans-vers-leur-pays","status":"publish","type":"post","link":"https:\/\/www.europesays.com\/fr\/256330\/","title":{"rendered":"L\u2019ONU demande \u00ab\u00a0l\u2019arr\u00eat imm\u00e9diat\u00a0\u00bb des renvois d\u2019Afghans vers leur pays"},"content":{"rendered":"<p>Il ne faut pas renvoyer les Afghans dans leur pays, en particulier ceux qui risquent d\u2019\u00eatre \u00ab\u00a0pers\u00e9cut\u00e9s\u00a0\u00bb ou \u00ab\u00a0tortur\u00e9\u00a0\u00bb, a demand\u00e9 l\u2019<a href=\"https:\/\/www.laprovence.com\/article\/france-monde\/58892600741309\/l-onu-demande-une-enquete-rapide-apres-les-violences-dans-le-sud-de-la-syrie\" target=\"_blank\" rel=\"nofollow noopener\">ONU <\/a>apr\u00e8s l\u2019expulsion ce vendredi 18\u00a0juillet par l\u2019Allemagne de 81 Afghans condamn\u00e9s par la justice.<\/p>\n<p>\u00ab\u00a0Le Haut-Commissaire de l\u2019ONU aux droits de l\u2019homme Volker Turk demande l\u2019arr\u00eat imm\u00e9diat du renvoi forc\u00e9 de tous les r\u00e9fugi\u00e9s et demandeurs d\u2019asile afghans, en particulier ceux qui risquent d\u2019\u00eatre pers\u00e9cut\u00e9s, d\u00e9tenus arbitrairement ou tortur\u00e9s \u00e0 leur retour\u00a0\u00bb, a indiqu\u00e9 une porte-parole, Ravina Shamdasani, lors d\u2019un point de presse \u00e0 Gen\u00e8ve.<\/p>\n<p>Solidarit\u00e9 avec le peuple afghan<\/p>\n<p>\u00ab\u00a0L\u2019heure doit \u00eatre \u00e0 la solidarit\u00e9 avec le peuple afghan\u00a0\u00bb, a-t-elle dit, soulignant que la situation dans ce pays, o\u00f9 les talibans ont repris le pouvoir en ao\u00fbt\u00a02021, \u00ab\u00a0est extr\u00eamement d\u00e9sastreuse\u00a0\u00bb. Les Afghans peuvent \u00eatre confront\u00e9es \u00e0 des violations des droits humains \u00e0 leur retour mais \u00ab\u00a0il y a aussi la situation humanitaire\u00a0\u00bb avec \u00ab\u00a070% de la population afghane vit dans la pauvret\u00e9\u00a0\u00bb, a relev\u00e9 Ravina Shamdasani.<\/p>\n<p>Les pays \u00ab\u00a0doivent veiller \u00e0 ce que les retours vers l\u2019Afghanistan soient volontaires, s\u00fbrs, dignes et conformes au droit international\u00a0\u00bb, a-t-elle insist\u00e9. L\u2019ONU avait d\u00e9j\u00e0 critiqu\u00e9 d\u00e9but juillet les expulsions d\u2019Afghans vers leur pays d\u2019origine, \u00e9voqu\u00e9es alors par l\u2019Allemagne, et r\u00e9clam\u00e9 plus de moyens pour accueillir le flot de r\u00e9fugi\u00e9s qui rentrent, parfois forc\u00e9s, d\u2019Iran et du Pakistan.<\/p>\n<p>Durcissement de la politique migratoire allemande<\/p>\n<p>Cette fois, le gouvernement allemand a proc\u00e9d\u00e9 vendredi \u00e0 l\u2019expulsion de 81 Afghans condamn\u00e9s par la justice, nouveau signal du durcissement de la politique migratoire op\u00e9r\u00e9 par le chancelier Friedrich Merz. Ravina Shamdasani a expliqu\u00e9 que le principe de \u00ab\u00a0non-refoulement\u00a0\u00bb s\u2019appliquait \u00e9galement \u00e0 des personnes condamn\u00e9es par la justice.<\/p>\n<p>\u00ab\u00a0Il s\u2019agit d\u2019un principe essentiel du droit international\u00a0: lorsque des personnes craignent d\u2019\u00eatre pers\u00e9cut\u00e9es si elles sont renvoy\u00e9es\u00a0\u00bb dans leur pays, \u00ab\u00a0elles ne doivent pas y \u00eatre renvoy\u00e9es\u00a0\u00bb, a-t-elle expos\u00e9.<\/p>\n<p>Le Pakistan et l\u2019Iran ont accueilli des millions d\u2019Afghans dans les d\u00e9cennies pass\u00e9es au gr\u00e9 des guerres, invasions et autres fl\u00e9aux qui ont frapp\u00e9 l\u2019Afghanistan. Ces r\u00e9fugi\u00e9s, souvent cibl\u00e9s par les autorit\u00e9s qui les accusent de tous les maux, sont vis\u00e9s par des mesures d\u2019expulsions acc\u00e9l\u00e9r\u00e9es.<\/p>\n<p>En un peu plus de sept mois, plus de 1,9\u00a0million d\u2019Afghans sont rentr\u00e9s en Afghanistan depuis l\u2019Iran et le Pakistan, selon l\u2019ONU. Environ 500\u00a0000 Afghans ont \u00e9t\u00e9 renvoy\u00e9s de force depuis l\u2019Iran depuis le 13\u00a0juin, premier jour de la guerre contre Isra\u00ebl.\u00a0Selon l\u2019ONU, parmi les personnes expuls\u00e9es figurent des journalistes, des anciens fonctionnaires ou des employ\u00e9s de l\u2019ancien gouvernement afghan, qui risquent de subir des repr\u00e9sailles \u00e0 leur retour en Afghanistan.<\/p>\n","protected":false},"excerpt":{"rendered":"Il ne faut pas renvoyer les Afghans dans leur pays, en particulier ceux qui risquent d\u2019\u00eatre \u00ab\u00a0pers\u00e9cut\u00e9s\u00a0\u00bb ou&hellip;\n","protected":false},"author":2,"featured_media":256331,"comment_status":"","ping_status":"","sticky":false,"template":"","format":"standard","meta":{"footnotes":""},"categories":[1587],"tags":[17,11,672,1804,1805,7650,154,1803,1777,674,329,1801,39634,27775,18234,12,29828,1802],"class_list":{"0":"post-256330","1":"post","2":"type-post","3":"status-publish","4":"format-standard","5":"has-post-thumbnail","7":"category-allemagne","8":"tag-17","9":"tag-actualites","10":"tag-allemagne","11":"tag-bundesrepublik-deutschland","12":"tag-de","13":"tag-demande","14":"tag-des","15":"tag-deutschland","16":"tag-eu","17":"tag-europe","18":"tag-france-monde","19":"tag-germany","20":"tag-immediat","21":"tag-larret","22":"tag-lonu","23":"tag-news","24":"tag-renvois","25":"tag-republique-federale-dallemagne"},"share_on_mastodon":{"url":"https:\/\/pubeurope.com\/@fr\/114874205045066755","error":""},"_links":{"self":[{"href":"https:\/\/www.europesays.com\/fr\/wp-json\/wp\/v2\/posts\/256330","targetHints":{"allow":["GET"]}}],"collection":[{"href":"https:\/\/www.europesays.com\/fr\/wp-json\/wp\/v2\/posts"}],"about":[{"href":"https:\/\/www.europesays.com\/fr\/wp-json\/wp\/v2\/types\/post"}],"author":[{"embeddable":true,"href":"https:\/\/www.europesays.com\/fr\/wp-json\/wp\/v2\/users\/2"}],"replies":[{"embeddable":true,"href":"https:\/\/www.europesays.com\/fr\/wp-json\/wp\/v2\/comments?post=256330"}],"version-history":[{"count":0,"href":"https:\/\/www.europesays.com\/fr\/wp-json\/wp\/v2\/posts\/256330\/revisions"}],"wp:featuredmedia":[{"embeddable":true,"href":"https:\/\/www.europesays.com\/fr\/wp-json\/wp\/v2\/media\/256331"}],"wp:attachment":[{"href":"https:\/\/www.europesays.com\/fr\/wp-json\/wp\/v2\/media?parent=256330"}],"wp:term":[{"taxonomy":"category","embeddable":true,"href":"https:\/\/www.europesays.com\/fr\/wp-json\/wp\/v2\/categories?post=256330"},{"taxonomy":"post_tag","embeddable":true,"href":"https:\/\/www.europesays.com\/fr\/wp-json\/wp\/v2\/tags?post=256330"}],"curies":[{"name":"wp","href":"https:\/\/api.w.org\/{rel}","templated":true}]}}