{"id":256343,"date":"2025-07-18T12:27:10","date_gmt":"2025-07-18T12:27:10","guid":{"rendered":"https:\/\/www.europesays.com\/fr\/256343\/"},"modified":"2025-07-18T12:27:10","modified_gmt":"2025-07-18T12:27:10","slug":"transferts-top-14-un-demi-de-melee-de-clermont-rebondit-en-pro-d2","status":"publish","type":"post","link":"https:\/\/www.europesays.com\/fr\/256343\/","title":{"rendered":"Transferts \/ Top 14 \u2013 Un demi de m\u00eal\u00e9e de Clermont rebondit en Pro D2"},"content":{"rendered":"<p>\n                Un ancien de Clermont part s\u2019aguerrir en Pro D2 la saison prochaine. Jules Bousquet d\u00e9barque dans la Ni\u00e8vre.\n            <\/p>\n<p>Form\u00e9 \u00e0 Soustons et \u00e0 Dax, \u00e9voluant chez les espoirs de l\u2019<strong><a href=\"https:\/\/www.rugbyrama.fr\/equipe\/asm-clermont\/\" target=\"_self\" rel=\"nofollow noopener\">ASM Clermont Auvergne<\/a><\/strong> depuis 2023, le demi de m\u00eal\u00e9e Jules Bousquet (20 ans) <strong><a href=\"https:\/\/www.rugbyrama.fr\/2025\/06\/03\/transferts-pro-d2-nevers-engage-un-joueur-du-leinster-et-prolonge-noa-pommelet-12737883.php\" target=\"_self\" rel=\"nofollow noopener\">a sign\u00e9 \u00e0 l\u2019USON Nevers Rugby<\/a><\/strong> pour un an. Il pallie l\u2019absence de Guillaume Manevy, r\u00e9cemment r\u00e9op\u00e9r\u00e9 au sortir d\u2019une saison presque blanche, et dont la date de retour sur les terrains est inconnue.<\/p>\n<p class=\"std-elt__inline\">\n        <strong>\u00c0 lire aussi :<\/strong><br \/>\n        <a href=\"https:\/\/www.rugbyrama.fr\/2024\/10\/26\/top-14-qui-est-jules-bousquet-jeune-demi-de-melee-remplacant-avec-clermont-face-au-stade-francais-12284145.php\" rel=\"nofollow noopener\" target=\"_blank\">Top 14 &#8211; Qui est Jules Bousquet, jeune demi de m\u00eal\u00e9e rempla\u00e7ant avec Clermont face au Stade fran\u00e7ais ?<\/a>\n    <\/p>\n<p>Apr\u00e8s avoir bri\u00e8vement go\u00fbt\u00e9 au Top 14 (deux entr\u00e9es en jeu face au Stade fran\u00e7ais et \u00e0 La\u00a0Rochelle) et \u00e0 la Champions Cup (lors du huiti\u00e8me de finale perdu face \u00e0 Northampton) la saison pass\u00e9e, Jules Bousquet se voit proposer le stimulant d\u00e9fi de glaner de l\u2019exp\u00e9rience en Pro D2, \u00e0 un poste o\u00f9 Hugo Bouyssou et Simon Tarel seront ses co\u00e9quipiers et concurrents. D\u00e9j\u00e0 arriv\u00e9 \u00e0 Nevers, il s\u2019entra\u00eene avec le groupe pro. Il retrouvera au Pr\u00e9-Fleuri Mathys Belaubre, pr\u00eat\u00e9 par l\u2019ASM ou Oscar Rixen, lui aussi d\u00e9barqu\u00e9 en provenance du Michelin.<\/p>\n","protected":false},"excerpt":{"rendered":"Un ancien de Clermont part s\u2019aguerrir en Pro D2 la saison prochaine. Jules Bousquet d\u00e9barque dans la Ni\u00e8vre.&hellip;\n","protected":false},"author":2,"featured_media":256344,"comment_status":"","ping_status":"","sticky":false,"template":"","format":"standard","meta":{"footnotes":""},"categories":[1416],"tags":[1011,27,479,1468,60],"class_list":{"0":"post-256343","1":"post","2":"type-post","3":"status-publish","4":"format-standard","5":"has-post-thumbnail","7":"category-rugby","8":"tag-fr","9":"tag-france","10":"tag-rugby","11":"tag-rugby-football","12":"tag-sports"},"share_on_mastodon":{"url":"https:\/\/pubeurope.com\/@fr\/114874236490149842","error":""},"_links":{"self":[{"href":"https:\/\/www.europesays.com\/fr\/wp-json\/wp\/v2\/posts\/256343","targetHints":{"allow":["GET"]}}],"collection":[{"href":"https:\/\/www.europesays.com\/fr\/wp-json\/wp\/v2\/posts"}],"about":[{"href":"https:\/\/www.europesays.com\/fr\/wp-json\/wp\/v2\/types\/post"}],"author":[{"embeddable":true,"href":"https:\/\/www.europesays.com\/fr\/wp-json\/wp\/v2\/users\/2"}],"replies":[{"embeddable":true,"href":"https:\/\/www.europesays.com\/fr\/wp-json\/wp\/v2\/comments?post=256343"}],"version-history":[{"count":0,"href":"https:\/\/www.europesays.com\/fr\/wp-json\/wp\/v2\/posts\/256343\/revisions"}],"wp:featuredmedia":[{"embeddable":true,"href":"https:\/\/www.europesays.com\/fr\/wp-json\/wp\/v2\/media\/256344"}],"wp:attachment":[{"href":"https:\/\/www.europesays.com\/fr\/wp-json\/wp\/v2\/media?parent=256343"}],"wp:term":[{"taxonomy":"category","embeddable":true,"href":"https:\/\/www.europesays.com\/fr\/wp-json\/wp\/v2\/categories?post=256343"},{"taxonomy":"post_tag","embeddable":true,"href":"https:\/\/www.europesays.com\/fr\/wp-json\/wp\/v2\/tags?post=256343"}],"curies":[{"name":"wp","href":"https:\/\/api.w.org\/{rel}","templated":true}]}}