{"id":256350,"date":"2025-07-18T12:32:07","date_gmt":"2025-07-18T12:32:07","guid":{"rendered":"https:\/\/www.europesays.com\/fr\/256350\/"},"modified":"2025-07-18T12:32:07","modified_gmt":"2025-07-18T12:32:07","slug":"tour-de-france-2025-les-delais-du-contre-la-montre-de-la-13e-etape-finalement-etendus-a-40-lequipe","status":"publish","type":"post","link":"https:\/\/www.europesays.com\/fr\/256350\/","title":{"rendered":"Tour de France 2025 : les d\u00e9lais du contre-la-montre de la 13e \u00e9tape finalement \u00e9tendus \u00e0 40% &#8211; L&#039;\u00c9quipe"},"content":{"rendered":"<ol>\n<li><a href=\"https:\/\/news.google.com\/rss\/articles\/CBMi-wFBVV95cUxQLURQVllRS1R3RXV2Xy1ETzVZbkpwVmZrd0ZlemY1b1hQblJYeXNPbTQ1UmdoS0ZJSFRCUFJHWThUdFVIWEJZMjdPdzVVV3E5cUNLNHhkemE4WUx2Q1luS2FXcGJaM25uMVJfRHBETlFlNnNWMndtZ2VuLXJtY3NXM3JCMmI3a3JzYU9yVDhieU50YXBEOXE0ZEQtSWFxbWtUQU9VMXhYY1RENmE5WE9rWTEycXY0aXgwUjNvV205UkRfam5vdzQwWlhfZ0FnQTJaV25pZ0pqYkFLMG9vcU1sNVE3NlRuZ0FIdHF0bWtYTlFLUmhvZU9PUHQ4UQ?oc=5\" target=\"_blank\" rel=\"noopener\">Tour de France 2025 : les d\u00e9lais du contre-la-montre de la 13e \u00e9tape finalement \u00e9tendus \u00e0 40%<\/a>&nbsp;&nbsp;L&rsquo;\u00c9quipe<\/li>\n<li><a href=\"https:\/\/news.google.com\/rss\/articles\/CBMiogFBVV95cUxQRThYSGJfcVZqQ1hhQmFBTGJnWHFOb19FTTBGWlpvR3RMaE9BZ1JTTXY2T3FDdUVFdnBzTjNyTXNvbHhNR1BfM1VjbWtxTGZIbDhmRGVmdnYzT2kzdGpvZzVOd2dlSFR2T0FuMnI1UzU1WTdMNUNlaUw1c3NibEJETWNWbG9ydDBoNzBackZnX1Q4STktYVB4X2YwaHczbWRlT1E?oc=5\" target=\"_blank\" rel=\"noopener\">Le contre-la-montre a d\u00e9but\u00e9 &#8211; Remco Evenepoel s\u2019\u00e9lance \u00e0 17h01<\/a>&nbsp;&nbsp;7sur7.be<\/li>\n<li><a href=\"https:\/\/news.google.com\/rss\/articles\/CBMirwFBVV95cUxNdV9UeEtzLUctT2w3dVF0QU9NS25nRG5FeU9LbHVjSnpUS29HdmtMd2ZQdmZkazNNaTRwd1ZuVnMxcWx1QUxpVE5Hb1g5RXhza29tQnFwZVRJM1p5dmxPcVNhMVRMemROdGxvNXhZejhoZU56c1dtajNVdzUzUjgxOVJ6VXFiQnA1ZkNadG1nUDNDUVFqZ21VU1F3a1hKOEtqLVBmaC1IOWwwQ3otWTRB?oc=5\" target=\"_blank\" rel=\"noopener\">Tour de France 2025 : Le parcours et profil de la 13e \u00e9tape ce 18 juillet<\/a>&nbsp;&nbsp;20 Minutes<\/li>\n<li><a href=\"https:\/\/news.google.com\/rss\/articles\/CBMiugFBVV95cUxNU2xPdjNhNXVlZjhXY1dKb3dSRjZJX2ZFR3RMX1o5bzg3NENPTE52VXpCOEh5NjBpM2p5ZkRzUE5WQXZwTWVXbVNxUWt1X2NzMW9jZmxXVWZPc2FIRVUtWW8xOWthUktIR0FVbnpKVlBLZ3BYVUE4NHk4eGhsUDBobzFYdGpTTTdkQ2dZbm8xT0dJaDhVd0NoMVVBWVM3Ykk5Y0t4NGEtNUpCN2VEYWc4NndHZkd4MGpqZkE?oc=5\" target=\"_blank\" rel=\"noopener\">Tour de France : Suivez la 13e \u00e9tape en direct<\/a>&nbsp;&nbsp;Orange Actualit\u00e9s | Sports<\/li>\n<li><a href=\"https:\/\/news.google.com\/rss\/articles\/CBMigAJBVV95cUxQZ1h6TFFmNWVncENBMi04Vkc1MFJIb0dSUnZWSWh0bUljemo3MDlmSG5DRXJMOWxaaUJmdy12YjNscGdHLVFuM18tbk5WV2RLOUwzRExjclJWNkJ2aVVoeEpGSkdWRl9wemlxZGs4ZmdQZGdORDhCWEVDc21NVjVkV1Ewa0JXcGpUQVhwMFdZaXJQejQ0TzE1dTRUa1JRQW1ZUVdiZUVMMm90eW1nTDR5dURmb01jMWJqa2FXUEJFTmZmcFRTZlQ5UE1BQUNlTFY4QWswMzdweHR5WjZVN0djQzFPbHhwZGIyOEVZSTV3MW1oNUVEX0tUV0pVR0dSWnpm?oc=5\" target=\"_blank\" rel=\"noopener\">EN DIRECT | Tour de France 2025 : suivez la treizi\u00e8me \u00e9tape, un contre-la-montre entre Loudenvielle et Peyragudes<\/a>&nbsp;&nbsp;Le Monde.fr<\/li>\n<\/ol>\n","protected":false},"excerpt":{"rendered":"Tour de France 2025 : les d\u00e9lais du contre-la-montre de la 13e \u00e9tape finalement \u00e9tendus \u00e0 40%&nbsp;&nbsp;L&rsquo;\u00c9quipe Le&hellip;\n","protected":false},"author":2,"featured_media":1445,"comment_status":"","ping_status":"","sticky":false,"template":"","format":"standard","meta":{"footnotes":""},"categories":[1411],"tags":[1154,207,1011,27,60],"class_list":{"0":"post-256350","1":"post","2":"type-post","3":"status-publish","4":"format-standard","5":"has-post-thumbnail","7":"category-cyclisme","8":"tag-cycling","9":"tag-cyclisme","10":"tag-fr","11":"tag-france","12":"tag-sports"},"share_on_mastodon":{"url":"https:\/\/pubeurope.com\/@fr\/114874256164544452","error":""},"_links":{"self":[{"href":"https:\/\/www.europesays.com\/fr\/wp-json\/wp\/v2\/posts\/256350","targetHints":{"allow":["GET"]}}],"collection":[{"href":"https:\/\/www.europesays.com\/fr\/wp-json\/wp\/v2\/posts"}],"about":[{"href":"https:\/\/www.europesays.com\/fr\/wp-json\/wp\/v2\/types\/post"}],"author":[{"embeddable":true,"href":"https:\/\/www.europesays.com\/fr\/wp-json\/wp\/v2\/users\/2"}],"replies":[{"embeddable":true,"href":"https:\/\/www.europesays.com\/fr\/wp-json\/wp\/v2\/comments?post=256350"}],"version-history":[{"count":0,"href":"https:\/\/www.europesays.com\/fr\/wp-json\/wp\/v2\/posts\/256350\/revisions"}],"wp:featuredmedia":[{"embeddable":true,"href":"https:\/\/www.europesays.com\/fr\/wp-json\/wp\/v2\/media\/1445"}],"wp:attachment":[{"href":"https:\/\/www.europesays.com\/fr\/wp-json\/wp\/v2\/media?parent=256350"}],"wp:term":[{"taxonomy":"category","embeddable":true,"href":"https:\/\/www.europesays.com\/fr\/wp-json\/wp\/v2\/categories?post=256350"},{"taxonomy":"post_tag","embeddable":true,"href":"https:\/\/www.europesays.com\/fr\/wp-json\/wp\/v2\/tags?post=256350"}],"curies":[{"name":"wp","href":"https:\/\/api.w.org\/{rel}","templated":true}]}}