{"id":256357,"date":"2025-07-18T12:36:16","date_gmt":"2025-07-18T12:36:16","guid":{"rendered":"https:\/\/www.europesays.com\/fr\/256357\/"},"modified":"2025-07-18T12:36:16","modified_gmt":"2025-07-18T12:36:16","slug":"pedro-pascal-les-6-livres-preferes-de-lacteur-a-lire-cet-ete-et-le-reste-de-lannee-aussi","status":"publish","type":"post","link":"https:\/\/www.europesays.com\/fr\/256357\/","title":{"rendered":"Pedro Pascal : les 6 livres pr\u00e9f\u00e9r\u00e9s de l&rsquo;acteur \u00e0 lire cet \u00e9t\u00e9 (et le reste de l&rsquo;ann\u00e9e, aussi)"},"content":{"rendered":"<p>On adore <strong>Pedro Pascal<\/strong> ! On l&rsquo;aime pour son talent, son r\u00f4le o\u00f9 il incarne de fa\u00e7on absolument craquante Joel Miller dans <a href=\"https:\/\/www.vogue.fr\/article\/the-last-of-us-saison-2-serie\" target=\"_blank\" rel=\"noopener\">The Last of Us<\/a>, pour sa personnalit\u00e9 loin des st\u00e9r\u00e9otypes de \u201cl&rsquo;homme d&rsquo;Hollywood\u201d, pour sa transparence, entre moments dr\u00f4les et r\u00e9flexions personnelles, et pour son engagement en faveur des droits humains et de la politique de son pays d&rsquo;origine, le Chili. Enfin, aujourd&rsquo;hui, on l&rsquo;aime aussi pour ses conseils de lecture.<\/p>\n<p>TikTok content<\/p>\n<p>This content can also be viewed on the site it <a href=\"https:\/\/www.tiktok.com\/@vaneschko_books\/video\/7525149229614976278\" target=\"_blank\" rel=\"nofollow noreferrer noopener\" aria-label=\"Opens in a new window\" class=\"BaseWrap-sc-gjQpdd BaseText-ewhhUZ BaseLink-eNWuiM ConsentBannerLink-dJZMSz iUEiRd KGAmH eSKQbD\">originates<\/a> from.<\/p>\n<p>Interview\u00e9 sur le tapis rouge \u2013 la vid\u00e9o a \u00e9t\u00e9 partag\u00e9e sur <a href=\"https:\/\/www.vogue.fr\/dossier\/tiktok\" isautogenerated=\"true\" target=\"_blank\" rel=\"noopener\">TikTok<\/a> par @vaneschko_books \u2013, <strong>Pedro Pascal<\/strong> s&rsquo;est montr\u00e9 tr\u00e8s \u00e0 l&rsquo;aise en parlant de ses <a href=\"https:\/\/www.vogue.fr\/dossier\/livres\" isautogenerated=\"true\" target=\"_blank\" rel=\"noopener\"><strong>livres<\/strong><\/a> pr\u00e9f\u00e9r\u00e9s, de <strong>Thomas Mann<\/strong> \u00e0 <strong>Gabriel Garc\u00eda Marquez<\/strong>. Des grands classiques qui pourraient devenir les compagnons parfaits de vos <a href=\"https:\/\/www.vogue.fr\/article\/livres-de-poche-a-lire-plage-ete-vacances-selection-litterature\" target=\"_blank\" rel=\"noopener\">lectures d&rsquo;\u00e9t\u00e9<\/a>, en vacances et tout au long de l&rsquo;ann\u00e9e.<\/p>\n<p>A lire aussi<\/p>\n<p><a attributes=\"[object Object]\" class=\"external-link-embed__hed-link button\" href=\"https:\/\/www.vogue.fr\/article\/emmy-awards-2025-informations-nominations-palmares\" target=\"_blank\" rel=\"noopener\">D\u00e9couvrez les nominations compl\u00e8tes des Emmy Awards 2025<\/a><\/p>\n<p class=\"BaseWrap-sc-gjQpdd BaseText-ewhhUZ ExternalLinkEmbedDek-btrWcN iUEiRd hbNpDu jwHNCY\">Les nominations des Emmy Awards 2025, qui r\u00e9compensent le meilleurs des s\u00e9ries et les \u00e9missions de t\u00e9l\u00e9vision aux \u00c9tats-Unis, viennent de tomber. D\u00e9couvrez les \u0153uvres nomm\u00e9es de cette 77\u00e8me \u00e9dition, de The Bear \u00e0 Andor.<\/p>\n<p><a attributes=\"[object Object]\" class=\"external-link-embed__image-link\" href=\"https:\/\/www.vogue.fr\/article\/emmy-awards-2025-informations-nominations-palmares\" target=\"_blank\" rel=\"noopener\"><img decoding=\"async\" alt=\"Emmy Awards 2025 nominations\" class=\"ResponsiveImageContainer-eybHBd fptoWY responsive-image__image\" src=\"https:\/\/www.europesays.com\/fr\/wp-content\/uploads\/2025\/07\/2171590733.jpeg\"  \/><\/a>Le palmar\u00e8s litt\u00e9raire de Pedro Pascal<\/p>\n<p>Voici la liste des 6 livres pr\u00e9f\u00e9r\u00e9s de Pedro Pascal et les raisons pour lesquelles il les a aim\u00e9s :<\/p>\n<p>1. Crime et ch\u00e2timent de Fiodor Dosto\u00efevski<\/p>\n<p>Un double meurtre est commis par le protagoniste, Rodion Raskolnikov, pouss\u00e9 par la mis\u00e8re et l&rsquo;hostilit\u00e9 sociale. Ses victimes sont une vieille usuri\u00e8re \u2013 dont le meurtre a \u00e9t\u00e9 scrupuleusement pr\u00e9m\u00e9dit\u00e9 \u2013 et sa s\u0153ur fragile et innocente, apparue sur les lieux du crime au mauvais moment. Crime et Ch\u00e2timent explore le mythe de l&rsquo;\u201chomme sup\u00e9rieur\u201d et en montre les limites, en racontant les tourments internes du protagoniste sur le chemin de la r\u00e9demption qui passe par la souffrance et l&rsquo;amour de Sonia, une prostitu\u00e9e qui l&rsquo;aidera \u00e0 trouver la paix int\u00e9rieure.<\/p>\n<p><a class=\"BaseWrap-sc-gjQpdd BaseText-ewhhUZ BaseLink-eNWuiM UnifiedProductEmbedImageLink-hEsXrK iUEiRd erEiqA cDOurZ hqtaIR image\" href=\"https:\/\/cna.st\/p\/TdsMtFs7CeQLRifDFVntPmGVJzHQu9ZMvo5sk9abuEVVs4FtdePRcY1gsHUSSA5krkRK2qkSpJCTYoeREZmFRAKbb91onQRPtCF1j695DJ57hiJtb1FRkj92XJovuvMq4fuidZh9drSvmeW928BYXRdrixhWv8hbi8phZotB4hgTZ5x7v8hsCuT76EakVQEsf3zUVAZzTksjCA\" target=\"_blank\" rel=\"noreferrer noopener sponsored\" tabindex=\"-1\" data-offer-url=\"https:\/\/amzn.to\/4ly7I1L\" aria-hidden=\"true\"><img decoding=\"async\" loading=\"lazy\" alt=\"\" class=\"ResponsiveImageContainer-eybHBd fptoWY responsive-image__image\" src=\"https:\/\/www.europesays.com\/fr\/wp-content\/uploads\/2025\/07\/81 1kkJQz L.jpg\"  \/><\/a><\/p>\n<p id=\"upc_687a3c8c563634bfbaf5a2fd\" type=\"embed\" class=\"BaseWrap-sc-gjQpdd BaseText-ewhhUZ UnifiedProductCardName-jnQGSN iUEiRd qICFz cYQTkg\">Fiodor Dosto\u00efevski &#8211; Crime et ch\u00e2timent<\/p>\n<p>2. Le Ma\u00eetre et Marguerite de Mikha\u00efl Boulgakov<\/p>\n<p>Complexe, m\u00ealant satire, r\u00e9alisme empreint de magie et r\u00e9flexions philosophiques, ce roman se situe dans le Moscou des ann\u00e9es 1930. Au c\u0153ur du r\u00e9cit, l&rsquo;histoire d&rsquo;amour entre le Ma\u00eetre \u2013 un \u00e9crivain marginalis\u00e9 pour son roman sur Ponce Pilate \u2013 et une femme mari\u00e9e qui le soutient et l&rsquo;aime profond\u00e9ment.<\/p>\n<p><a class=\"BaseWrap-sc-gjQpdd BaseText-ewhhUZ BaseLink-eNWuiM UnifiedProductEmbedImageLink-hEsXrK iUEiRd erEiqA cDOurZ hqtaIR image\" href=\"https:\/\/cna.st\/p\/L31kjCrBRWwQuq8iJfwpRQngJHWE9qJiVgRYabjFR1XSH8mGKiGRHLA3ohUthoX6GUBn6YmqWT9K4kyqVv8NF5vb2Ud1c1bqtnpVSdKXmVFGtMFX4swiFP2QZkEkHKE8Ku1vJ8dPhrTK6p8rxssR5efZao2MQn4GrsKcnw9k9CNcrarHnMBMz6hHSX4DftpYbvfwb69V19z2EGposyQaPkUXPdKPAJTrEb457QV98zctrZ7obQgUw7g4Kp72VN8HrFZr4vyPYYWKGSQ2a\" target=\"_blank\" rel=\"noreferrer noopener sponsored\" tabindex=\"-1\" data-offer-url=\"https:\/\/www.gallimard.fr\/catalogue\/le-maitre-et-marguerite\/9782072836459\" aria-hidden=\"true\"><img decoding=\"async\" loading=\"lazy\" alt=\"\" class=\"ResponsiveImageContainer-eybHBd fptoWY responsive-image__image\" src=\"https:\/\/www.europesays.com\/fr\/wp-content\/uploads\/2025\/07\/files%20(1).jpeg\"  \/><\/a><\/p>\n<p>3. Jane Eyre de Charlotte Bront\u00eb<\/p>\n<p>Jane Eyre est une gouvernante anglaise, orpheline d&rsquo;origine modeste, qui d\u00e9couvre l&rsquo;amour gr\u00e2ce \u00e0 son \u201cma\u00eetre\u201d, Edward Rochester. \u00c0 l&rsquo;arri\u00e8re-plan de ce qui pourrait \u00eatre un roman sur la d\u00e9couverte des sentiments, il y a en r\u00e9alit\u00e9 l&rsquo;histoire tragique entre Edward Rodchester et Bertha, une femme arrach\u00e9e \u00e0 son pays d&rsquo;origine et recluse comme folle dans une chambre du ch\u00e2teau de Thornfield Hall.<\/p>\n<p><a class=\"BaseWrap-sc-gjQpdd BaseText-ewhhUZ BaseLink-eNWuiM UnifiedProductEmbedImageLink-hEsXrK iUEiRd erEiqA cDOurZ hqtaIR image\" href=\"https:\/\/cna.st\/p\/TdsMtFs7CeQLRifDFVntPmGVJzHQu9ZMvo5sk9abuEVVs4FtdePRcY1gsHUSSA5krkRK2qhrXyiagtWAa7YEN3e89YENJhZTDdLPPi4ra43kw7rxSaxBUTrEHjU7QPGNhqLnRXVbPnQGeERrHfpDuyZfQCTX95gZKdVaeLESXeApeaeUpkNEGNwcmYxQdV1MAbcfXBfG9Kv3Je\" target=\"_blank\" rel=\"noreferrer noopener sponsored\" tabindex=\"-1\" data-offer-url=\"https:\/\/amzn.to\/3F52uL1\" aria-hidden=\"true\"><img decoding=\"async\" loading=\"lazy\" alt=\"\" class=\"ResponsiveImageContainer-eybHBd fptoWY responsive-image__image\" src=\"https:\/\/www.europesays.com\/fr\/wp-content\/uploads\/2025\/07\/81PBPdRlZyL._AC_UF1000,1000_QL80_.jpg\"  \/><\/a><\/p>\n<p id=\"upc_6821e5bb7af4cdec5ab0e3ae\" type=\"embed\" class=\"BaseWrap-sc-gjQpdd BaseText-ewhhUZ UnifiedProductCardName-jnQGSN iUEiRd qICFz cYQTkg\">Charlotte Bront\u00eb &#8211; Jane Eyre<\/p>\n<p>4. Cent ans de solitude de Gabriel Garc\u00eda Marquez<\/p>\n<p>Dans ce roman tumultueux aux allures de fable, <strong>Gabriel Garc\u00eda M\u00e1rquez<\/strong> raconte comment la grande famille Buend\u00eda poursuit son destin in\u00e9luctable. En toile de fond, Macondo, un village mythique perdu dans les marais, v\u00e9ritable paradigme de l&rsquo;existence humaine. Dans cet univers de solitudes crois\u00e9es, les h\u00e9ros tragiques vou\u00e9s \u00e0 la d\u00e9faite contrastent avec la solidit\u00e9 des personnages f\u00e9minins qui exposent la r\u00e9alit\u00e9 et son envers.<\/p>\n<p><a class=\"BaseWrap-sc-gjQpdd BaseText-ewhhUZ BaseLink-eNWuiM UnifiedProductEmbedImageLink-hEsXrK iUEiRd erEiqA cDOurZ hqtaIR image\" href=\"https:\/\/cna.st\/p\/21YXcjY98V7uQt34fhK5wDHiYW5KWLPuRw8euccHdhuLUGSBdDbGxPrMiLbGX9Ki8priB5nKuUqnCJXLMfBtitcaozcmcTDX9KJEiheMtUFewg1GvPDBNdj8upFAXL3dXcxoTvB99d4dUYY6gVwwrXMNZ1HXsFaCmUX1N88M1esLDk76AEGmmG3htcz96ryNjVboShTCk8zY8NBHN1zp8Un\" target=\"_blank\" rel=\"noreferrer noopener sponsored\" tabindex=\"-1\" data-offer-url=\"https:\/\/amzn.to\/3RraXtK\" aria-hidden=\"true\"><img decoding=\"async\" loading=\"lazy\" alt=\"\" class=\"ResponsiveImageContainer-eybHBd fptoWY responsive-image__image\" src=\"https:\/\/www.europesays.com\/fr\/wp-content\/uploads\/2025\/07\/Cent_ans_de_solitude.jpeg\"  \/><\/a><\/p>\n<p id=\"upc_63dbc9060f856f88d924fe90\" type=\"embed\" class=\"BaseWrap-sc-gjQpdd BaseText-ewhhUZ UnifiedProductCardName-jnQGSN iUEiRd qICFz cYQTkg\">Cent ans de solitude de Gabriel Garc\u00eda Marquez<\/p>\n<p>5. \u00c0 l\u2019est d\u2019Eden de John Steinbeck<\/p>\n<p>Dans la Terre de Nod, \u00e0 l&rsquo;est du <a href=\"https:\/\/www.vogue.fr\/dossier\/jardin\" isautogenerated=\"true\" target=\"_blank\" rel=\"noopener\">jardin<\/a> d&rsquo;\u00c9den, o\u00f9 dans la Bible la prog\u00e9niture de Ca\u00efn est all\u00e9e s&rsquo;installer \u2013 et qui correspond dans le roman de <strong>John Steinbeck<\/strong> \u00e0 la vall\u00e9e de la rivi\u00e8re Salinas en Californie du Nord \u2013 les histoires des familles Hamilton et Trask s&rsquo;entrecroisent. Une saga qui s&rsquo;\u00e9tend de la guerre de S\u00e9cession \u00e0 la Premi\u00e8re Guerre mondiale et qui oppose le vieux Samuel Hamilton, immigr\u00e9 irlandais, et Cyrus Trask, ainsi que leurs fils Adam, Charles, et leurs petits-fils Aaron et Caleb (jumeaux n\u00e9s de la myst\u00e9rieuse Cathy Ames, r\u00e9incarnation d&rsquo;\u00c8ve et de Satan). L&rsquo;histoire explore le myst\u00e8re de l&rsquo;identit\u00e9, de l&rsquo;amour et des cons\u00e9quences tragiques du manque d&rsquo;affection.<\/p>\n<p><a class=\"BaseWrap-sc-gjQpdd BaseText-ewhhUZ BaseLink-eNWuiM UnifiedProductEmbedImageLink-hEsXrK iUEiRd erEiqA cDOurZ hqtaIR image\" href=\"https:\/\/cna.st\/p\/TdsMtFs7CeQLRifDFVntPmGVJzHQu9ZMvo5sk9abuEVVs4FtdePRcY1gsHUSSA5krkRK2qkSkVfEWkQXjbfQT6MKKyV1MHu5XEg4PWSTn8sAAZUCJL397NYZczAdy9E9a95PEUhAoaojpWMgYiwmzdwwShctXNi4rgkYWFq3M2n2WabKtNjfuYU7MKzSJvN9qDjTnwD2Lj95ka\" target=\"_blank\" rel=\"noreferrer noopener sponsored\" tabindex=\"-1\" data-offer-url=\"https:\/\/amzn.to\/4lXZr79\" aria-hidden=\"true\"><img decoding=\"async\" loading=\"lazy\" alt=\"\" class=\"ResponsiveImageContainer-eybHBd fptoWY responsive-image__image\" src=\"https:\/\/www.europesays.com\/fr\/wp-content\/uploads\/2025\/07\/1752842176_394_41aTV3vbHsL._SL500_.jpg\"  \/><\/a><\/p>\n<p id=\"upc_687a3c948c19569610636243\" type=\"embed\" class=\"BaseWrap-sc-gjQpdd BaseText-ewhhUZ UnifiedProductCardName-jnQGSN iUEiRd qICFz cYQTkg\">John Steinbeck &#8211; \u00c0 l\u2019est d\u2019Eden<\/p>\n<p>6. La Montagne magique de Thomas Mann<\/p>\n<p>Un portrait fid\u00e8le de la soci\u00e9t\u00e9 occidentale des premi\u00e8res d\u00e9cennies du XX\u00e8me si\u00e8cle. La Montagne magique est un chef-d&rsquo;\u0153uvre qui se d\u00e9roule dans le sanatorium Berghof \u00e0 Davos, en Suisse. Le jeune Hans Castorp y arrive en bourgeois respectable avide d&rsquo;aventures, qui, au contact du microcosme du sanatorium, se trouve contraint d&rsquo;\u00e9voluer : le contact avec la maladie, l&rsquo;amour, le rationalisme et la joie de vivre remettent en cause son \u00e9quilibre et le conduisent vers la renaissance. Un \u201cpav\u00e9\u201d de pr\u00e8s de 800 pages \u00e0 lire au moins une fois dans sa vie.<\/p>\n<p><a class=\"BaseWrap-sc-gjQpdd BaseText-ewhhUZ BaseLink-eNWuiM UnifiedProductEmbedImageLink-hEsXrK iUEiRd erEiqA cDOurZ hqtaIR image\" href=\"https:\/\/cna.st\/p\/TdsMtFs7CeQLRifDFVntPmGVJzHQu9ZMvo5sk9abuEVVs4FtdePRcY1gsHUSSA5krkRK2qkSpRpsrr1zH2spaEiYXskBvsaR5bv7A1FDsmxJ57NTtndt7qDY2DmsyDt3hzubjvkcaWUzzjxpV7zXLRmvUZMHeQwyg99QqvnRE5vwWLiTkvZW16KJ85wEJxf39VCbr6Fk8194MU\" target=\"_blank\" rel=\"noreferrer noopener sponsored\" tabindex=\"-1\" data-offer-url=\"https:\/\/amzn.to\/4lzZDJZ\" aria-hidden=\"true\"><img decoding=\"async\" loading=\"lazy\" alt=\"\" class=\"ResponsiveImageContainer-eybHBd fptoWY responsive-image__image\" src=\"https:\/\/www.europesays.com\/fr\/wp-content\/uploads\/2025\/07\/81AnoRzKPrL._UF1000,1000_QL80_.jpg\"  \/><\/a><\/p>\n<p id=\"upc_687a3c5d6c1a394b43a82ef0\" type=\"embed\" class=\"BaseWrap-sc-gjQpdd BaseText-ewhhUZ UnifiedProductCardName-jnQGSN iUEiRd qICFz cYQTkg\">Thomas Mann &#8211; La montagne magique<\/p>\n<p><a href=\"https:\/\/www.vogue.it\/article\/libri-preferiti-di-pedro-pascal-lista-titoli\" target=\"_blank\" rel=\"noopener\"><strong>Article initialement publi\u00e9 sur Vogue Italie<\/strong><\/a><\/p>\n<p><script async src=\"\/\/www.tiktok.com\/embed.js\"><\/script><\/p>\n","protected":false},"excerpt":{"rendered":"On adore Pedro Pascal ! On l&rsquo;aime pour son talent, son r\u00f4le o\u00f9 il incarne de fa\u00e7on absolument&hellip;\n","protected":false},"author":2,"featured_media":256358,"comment_status":"","ping_status":"","sticky":false,"template":"","format":"standard","meta":{"footnotes":""},"categories":[1357],"tags":[11,1379,58,59,1011,27,1380,18401],"class_list":{"0":"post-256357","1":"post","2":"type-post","3":"status-publish","4":"format-standard","5":"has-post-thumbnail","7":"category-livres","8":"tag-actualites","9":"tag-books","10":"tag-divertissement","11":"tag-entertainment","12":"tag-fr","13":"tag-france","14":"tag-livres","15":"tag-vogue-digital"},"share_on_mastodon":{"url":"https:\/\/pubeurope.com\/@fr\/114874272235165432","error":""},"_links":{"self":[{"href":"https:\/\/www.europesays.com\/fr\/wp-json\/wp\/v2\/posts\/256357","targetHints":{"allow":["GET"]}}],"collection":[{"href":"https:\/\/www.europesays.com\/fr\/wp-json\/wp\/v2\/posts"}],"about":[{"href":"https:\/\/www.europesays.com\/fr\/wp-json\/wp\/v2\/types\/post"}],"author":[{"embeddable":true,"href":"https:\/\/www.europesays.com\/fr\/wp-json\/wp\/v2\/users\/2"}],"replies":[{"embeddable":true,"href":"https:\/\/www.europesays.com\/fr\/wp-json\/wp\/v2\/comments?post=256357"}],"version-history":[{"count":0,"href":"https:\/\/www.europesays.com\/fr\/wp-json\/wp\/v2\/posts\/256357\/revisions"}],"wp:featuredmedia":[{"embeddable":true,"href":"https:\/\/www.europesays.com\/fr\/wp-json\/wp\/v2\/media\/256358"}],"wp:attachment":[{"href":"https:\/\/www.europesays.com\/fr\/wp-json\/wp\/v2\/media?parent=256357"}],"wp:term":[{"taxonomy":"category","embeddable":true,"href":"https:\/\/www.europesays.com\/fr\/wp-json\/wp\/v2\/categories?post=256357"},{"taxonomy":"post_tag","embeddable":true,"href":"https:\/\/www.europesays.com\/fr\/wp-json\/wp\/v2\/tags?post=256357"}],"curies":[{"name":"wp","href":"https:\/\/api.w.org\/{rel}","templated":true}]}}