{"id":256365,"date":"2025-07-18T12:40:10","date_gmt":"2025-07-18T12:40:10","guid":{"rendered":"https:\/\/www.europesays.com\/fr\/256365\/"},"modified":"2025-07-18T12:40:10","modified_gmt":"2025-07-18T12:40:10","slug":"une-simple-stimulation-cerebrale-promet-de-vous-rendre-bien-meilleur-en-maths","status":"publish","type":"post","link":"https:\/\/www.europesays.com\/fr\/256365\/","title":{"rendered":"Une simple stimulation c\u00e9r\u00e9brale promet de vous rendre bien meilleur en maths !"},"content":{"rendered":"<p data-start=\"245\" data-end=\"687\">Pendant des ann\u00e9es, les<br \/>\nenseignants, chercheurs en p\u00e9dagogie et gouvernements ont tent\u00e9 de<br \/>\nr\u00e9soudre un probl\u00e8me persistant : pourquoi certains \u00e9l\u00e8ves ont-ils<br \/>\nautant de mal avec les <a href=\"https:\/\/sciencepost.fr\/voici-meilleure-facon-de-melanger-jeu-de-cartes-selon-mathematiques\/\" target=\"_blank\" rel=\"noopener nofollow\">math\u00e9matiques<\/a>, malgr\u00e9 tous les<br \/>\nefforts d\u00e9ploy\u00e9s pour am\u00e9liorer l\u2019enseignement ? Une nouvelle \u00e9tude<br \/>\nvenue du Royaume-Uni pourrait bien changer notre regard sur cette<br \/>\ndifficult\u00e9, en sugg\u00e9rant une r\u00e9ponse l\u00e0 o\u00f9 on ne l\u2019attendait pas :<br \/>\ndans le cerveau lui-m\u00eame.<\/p>\n<p data-start=\"689\" data-end=\"959\">Des chercheurs de l\u2019Universit\u00e9<br \/>\nde Surrey ont r\u00e9cemment montr\u00e9 qu\u2019une stimulation c\u00e9r\u00e9brale douce,<br \/>\nindolore et non invasive pouvait am\u00e9liorer les performances en<br \/>\nmath\u00e9matiques de certains \u00e9tudiants. Oui, vous avez bien lu. Et<br \/>\nnon, il ne s\u2019agit pas de science-fiction.<\/p>\n<p>L\u2019\u00e9ducation : une affaire de<br \/>\ncerveau autant que d\u2019environnement ?<\/p>\n<p data-start=\"1040\" data-end=\"1392\">Pendant longtemps, les<br \/>\nr\u00e9formes \u00e9ducatives ont surtout cibl\u00e9 les enseignants, les manuels<br \/>\nou encore les m\u00e9thodes p\u00e9dagogiques. Mais selon le professeur Roi<br \/>\nCohen Kadosh, directeur de l\u2019\u00c9cole de psychologie de l\u2019Universit\u00e9<br \/>\nde Surrey, ces efforts pourraient \u00eatre incomplets s\u2019ils ignorent un<br \/>\nfacteur fondamental : la neurobiologie de l\u2019apprenant.<\/p>\n<p data-start=\"1394\" data-end=\"1609\">\u00ab Un nombre croissant de<br \/>\nrecherches montrent que les diff\u00e9rences biologiques dans le cerveau<br \/>\nexpliquent parfois mieux les \u00e9carts de performance en maths que les<br \/>\nfacteurs sociaux ou environnementaux \u00bb, explique-t-il.<\/p>\n<p data-start=\"1611\" data-end=\"1820\">Autrement dit, notre capacit\u00e9<br \/>\n\u00e0 apprendre les math\u00e9matiques ne d\u00e9pend pas uniquement de l\u2019\u00e9cole<br \/>\nou du contexte familial, mais aussi de notre c\u00e2blage c\u00e9r\u00e9bral. Et<br \/>\nbonne nouvelle : ce c\u00e2blage n\u2019est pas fig\u00e9.<\/p>\n<p>Le principe : envoyer un<br \/>\nl\u00e9ger bruit \u00e9lectrique dans le cerveau<\/p>\n<p data-start=\"1898\" data-end=\"2098\">Pour leur \u00e9tude, les<br \/>\nchercheurs ont recrut\u00e9 72 jeunes adultes et les ont r\u00e9partis en<br \/>\ntrois groupes. Tous ont pass\u00e9 des tests de math\u00e9matiques avant<br \/>\nl\u2019exp\u00e9rience, afin d\u2019\u00e9tablir une base de d\u00e9part.<\/p>\n<p data-start=\"2100\" data-end=\"2441\">Les participants ont ensuite<br \/>\nport\u00e9 des \u00e9lectrodes plac\u00e9es sur le cuir chevelu, qui diffusaient<br \/>\nde tr\u00e8s faibles courants \u00e9lectriques dans des r\u00e9gions pr\u00e9cises du<br \/>\ncerveau. La m\u00e9thode utilis\u00e9e s\u2019appelle la stimulation<br \/>\ntranscr\u00e2nienne par bruit al\u00e9atoire (tRNS), et elle est totalement indolore et sans risque,<br \/>\nselon les chercheurs.<\/p>\n<p data-start=\"2443\" data-end=\"2482\">Deux zones du cerveau ont \u00e9t\u00e9<br \/>\ncibl\u00e9es :<\/p>\n<ul data-start=\"2483\" data-end=\"2744\">\n<li data-start=\"2483\" data-end=\"2626\">\n<p data-start=\"2485\" data-end=\"2626\">Le cortex pr\u00e9frontal<br \/>\ndorsolat\u00e9ral (dlPFC), connu pour son r\u00f4le dans l\u2019apprentissage, la<br \/>\nm\u00e9moire de travail et la r\u00e9solution de probl\u00e8mes.<\/p>\n<\/li>\n<li data-start=\"2627\" data-end=\"2744\">\n<p data-start=\"2629\" data-end=\"2744\">Le cortex pari\u00e9tal post\u00e9rieur<br \/>\n(PPC), impliqu\u00e9 dans le traitement des quantit\u00e9s et du raisonnement<br \/>\nmath\u00e9matique.<\/p>\n<\/li>\n<\/ul>\n<p data-start=\"2746\" data-end=\"2887\">Chaque jour pendant cinq<br \/>\njours, les participants recevaient 30 minutes de stimulation<br \/>\npendant qu\u2019ils r\u00e9solvaient des exercices math\u00e9matiques.<\/p>\n<p><img loading=\"lazy\" data-lazyloaded=\"1\" decoding=\"async\" class=\"size-full wp-image-266559\" src=\"https:\/\/www.europesays.com\/fr\/wp-content\/uploads\/2025\/07\/sciences-tableau-eleve-enfant-ecole-maths.jpeg\" alt=\"sciences lacunes combler tableau \u00e9l\u00e8ve enfant \u00e9cole maths\" width=\"1254\" height=\"836\"  data-\/><br \/>\n\u00a9Lakshmiprasad S\/iStockDes r\u00e9sultats bluffants pour<br \/>\nles cerveaux \u00ab\u00a0d\u00e9connect\u00e9s\u00a0\u00bb<\/p>\n<p data-start=\"2958\" data-end=\"3186\">Mais l\u2019\u00e9tude, publi\u00e9e dans<br \/>\n<a href=\"https:\/\/journals.plos.org\/plosbiology\/article?id=10.1371\/journal.pbio.3003200\" target=\"_blank\" rel=\"noopener noreferrer nofollow\">PLoS<br \/>\nBiology,<\/a>\u00a0ne s\u2019est pas arr\u00eat\u00e9e l\u00e0. Avant les tests,<br \/>\nles chercheurs avaient aussi \u00e9valu\u00e9 la connectivit\u00e9 c\u00e9r\u00e9brale<br \/>\nnaturelle des participants, c\u2019est-\u00e0-dire la mani\u00e8re dont les zones<br \/>\ndu cerveau \u00ab communiquent \u00bb entre elles.<\/p>\n<p data-start=\"3188\" data-end=\"3569\">Et c\u2019est l\u00e0 que les r\u00e9sultats<br \/>\ndeviennent fascinants :<\/p>\n<ul>\n<li data-start=\"3188\" data-end=\"3569\">Chez les participants ayant<br \/>\nune connectivit\u00e9 faible entre le dlPFC et le PPC \u2013 un profil<br \/>\nsouvent associ\u00e9 \u00e0 des difficult\u00e9s d\u2019apprentissage \u2013, la stimulation<br \/>\na eu l\u2019effet le plus spectaculaire.<\/li>\n<li data-start=\"3188\" data-end=\"3569\">Leur capacit\u00e9 \u00e0 r\u00e9soudre des<br \/>\nprobl\u00e8mes math\u00e9matiques s\u2019est nettement am\u00e9lior\u00e9e, bien plus que<br \/>\nchez les autres groupes.<\/li>\n<\/ul>\n<p data-start=\"3571\" data-end=\"3857\">Selon les chercheurs, la tRNS<br \/>\naiderait \u00e0 augmenter l\u00e9g\u00e8rement l\u2019activit\u00e9 des neurones<br \/>\n\u00ab\u00a0fatigu\u00e9s\u00a0\u00bb ou peu actifs, les rapprochant du seuil<br \/>\nd\u2019activation n\u00e9cessaire pour apprendre efficacement. C\u2019est un peu<br \/>\ncomme si on donnait un petit coup de pouce \u00e9lectrique \u00e0 un cerveau<br \/>\ntrop timide.<\/p>\n<p>Vers une \u00e9ducation plus<br \/>\npersonnalis\u00e9e\u2026 et plus \u00e9quitable ?<\/p>\n<p data-start=\"3931\" data-end=\"4124\">Loin de proposer une baguette<br \/>\nmagique pour transformer tout le monde en g\u00e9nie des maths, cette<br \/>\ntechnologie ouvre n\u00e9anmoins une nouvelle voie prometteuse pour<br \/>\naider les \u00e9l\u00e8ves en difficult\u00e9.<\/p>\n<p data-start=\"4126\" data-end=\"4419\">\u00ab En combinant<br \/>\nneurosciences, psychologie et p\u00e9dagogie, nous pouvons d\u00e9velopper<br \/>\ndes outils qui s\u2019adaptent au cerveau de chaque apprenant. Cela<br \/>\npourrait r\u00e9duire les in\u00e9galit\u00e9s \u00e9ducatives, mais aussi les \u00e9carts<br \/>\nfuturs en mati\u00e8re d\u2019emploi, de sant\u00e9 et de revenus \u00bb, souligne<br \/>\nle professeur Kadosh.<\/p>\n<p data-start=\"4421\" data-end=\"4784\">Un constat d\u2019autant plus<br \/>\nimportant que, selon les auteurs, pr\u00e8s d\u2019un adulte sur quatre dans<br \/>\nles pays d\u00e9velopp\u00e9s poss\u00e8de des comp\u00e9tences en math\u00e9matiques<br \/>\ncomparables \u00e0 celles d\u2019un enfant de sept ans. Un chiffre<br \/>\npr\u00e9occupant dans un monde o\u00f9 les carri\u00e8res li\u00e9es aux sciences, \u00e0 la<br \/>\ntechnologie et \u00e0 l\u2019\u00e9conomie d\u00e9pendent de plus en plus des<br \/>\ncomp\u00e9tences num\u00e9riques.<\/p>\n<p>Et demain, un casque de<br \/>\nstimulation sur chaque bureau ?<\/p>\n<p data-start=\"4855\" data-end=\"5160\">\u00c9videmment, on n\u2019en est pas<br \/>\nencore \u00e0 prescrire des casques \u00e0 \u00e9lectrodes dans les salles de<br \/>\nclasse. Mais cette \u00e9tude \u2014 publi\u00e9e dans la revue PLoS Biology \u2014 apporte des donn\u00e9es<br \/>\nsolides sur la plasticit\u00e9 du cerveau, et sur la mani\u00e8re dont des<br \/>\ninterventions cibl\u00e9es pourraient am\u00e9liorer l\u2019apprentissage.<\/p>\n<p data-start=\"5162\" data-end=\"5398\">L\u2019id\u00e9e n\u2019est pas de remplacer<br \/>\nles enseignants ou les m\u00e9thodes p\u00e9dagogiques, mais plut\u00f4t de<br \/>\ncompl\u00e9ter l\u2019enseignement traditionnel avec des solutions<br \/>\npersonnalis\u00e9es, qui prennent en compte les sp\u00e9cificit\u00e9s biologiques<br \/>\nde chaque \u00e9l\u00e8ve.<\/p>\n<p data-start=\"5400\" data-end=\"5529\">Apr\u00e8s tout, si un simple<br \/>\nsignal \u00e9lectrique peut aider certains cerveaux \u00e0 mieux apprendre\u2026<br \/>\npourquoi ne pas l\u2019explorer davantage ?<\/p>\n","protected":false},"excerpt":{"rendered":"Pendant des ann\u00e9es, les enseignants, chercheurs en p\u00e9dagogie et gouvernements ont tent\u00e9 de r\u00e9soudre un probl\u00e8me persistant :&hellip;\n","protected":false},"author":2,"featured_media":256366,"comment_status":"","ping_status":"","sticky":false,"template":"","format":"standard","meta":{"footnotes":""},"categories":[10],"tags":[1011,27,72,71],"class_list":{"0":"post-256365","1":"post","2":"type-post","3":"status-publish","4":"format-standard","5":"has-post-thumbnail","7":"category-sante","8":"tag-fr","9":"tag-france","10":"tag-health","11":"tag-sante"},"share_on_mastodon":{"url":"https:\/\/pubeurope.com\/@fr\/114874287697183567","error":""},"_links":{"self":[{"href":"https:\/\/www.europesays.com\/fr\/wp-json\/wp\/v2\/posts\/256365","targetHints":{"allow":["GET"]}}],"collection":[{"href":"https:\/\/www.europesays.com\/fr\/wp-json\/wp\/v2\/posts"}],"about":[{"href":"https:\/\/www.europesays.com\/fr\/wp-json\/wp\/v2\/types\/post"}],"author":[{"embeddable":true,"href":"https:\/\/www.europesays.com\/fr\/wp-json\/wp\/v2\/users\/2"}],"replies":[{"embeddable":true,"href":"https:\/\/www.europesays.com\/fr\/wp-json\/wp\/v2\/comments?post=256365"}],"version-history":[{"count":0,"href":"https:\/\/www.europesays.com\/fr\/wp-json\/wp\/v2\/posts\/256365\/revisions"}],"wp:featuredmedia":[{"embeddable":true,"href":"https:\/\/www.europesays.com\/fr\/wp-json\/wp\/v2\/media\/256366"}],"wp:attachment":[{"href":"https:\/\/www.europesays.com\/fr\/wp-json\/wp\/v2\/media?parent=256365"}],"wp:term":[{"taxonomy":"category","embeddable":true,"href":"https:\/\/www.europesays.com\/fr\/wp-json\/wp\/v2\/categories?post=256365"},{"taxonomy":"post_tag","embeddable":true,"href":"https:\/\/www.europesays.com\/fr\/wp-json\/wp\/v2\/tags?post=256365"}],"curies":[{"name":"wp","href":"https:\/\/api.w.org\/{rel}","templated":true}]}}