{"id":256369,"date":"2025-07-18T12:42:12","date_gmt":"2025-07-18T12:42:12","guid":{"rendered":"https:\/\/www.europesays.com\/fr\/256369\/"},"modified":"2025-07-18T12:42:12","modified_gmt":"2025-07-18T12:42:12","slug":"il-a-commence-a-me-toucher-rachel-legrain-trapani-victime-dune-agression-sexuelle-en-plein-festival-davignon","status":"publish","type":"post","link":"https:\/\/www.europesays.com\/fr\/256369\/","title":{"rendered":"\u00ab\u00a0Il a commenc\u00e9 \u00e0 me toucher\u00a0\u00bb\u00a0: Rachel Legrain-Trapani victime d\u2019une agression sexuelle en plein Festival d\u2019Avignon"},"content":{"rendered":"<p class=\"paragraph text_align_left lp-f-body-02\">Des faits survenus en pleine rue. La <a href=\"https:\/\/www.leparisien.fr\/culture-loisirs\/de-miss-france-a-pole-emploi-il-ny-a-quun-pas-rachel-legrain-trapani-annonce-son-one-woman-show-28-05-2025-PDE7XUT7NVBCRHTOAXPPOCNG6A.php\" target=\"_blank\" rel=\"noreferrer nofollow noopener\">com\u00e9dienne Rachel Legrain-Trapani<\/a>, Miss France 2007, annonce avoir port\u00e9 plainte pour une agression sexuelle survenue ce jeudi 17 juillet en marge du <a href=\"https:\/\/www.leparisien.fr\/culture-loisirs\/festival-off-davignon-2025-nos-20-coups-de-coeur-17-07-2025-ZRA7VJY2KBF6DK6A5652RUNV7Q.php\" target=\"_blank\" rel=\"noreferrer nofollow noopener\">festival OFF d\u2019Avignon<\/a> (Vaucluse), o\u00f9 elle <a href=\"https:\/\/www.leparisien.fr\/culture-loisirs\/miss-france\/depuis-miss-france-jai-eu-mille-vies-a-36-ans-rachel-legrain-trapani-se-lance-sur-les-planches-30-06-2025-TDQ2SUILIZD2BCZ5F3PIHJXDKA.php\" target=\"_blank\" rel=\"noreferrer nofollow noopener\">se produit actuellement avec son spectacle \u00ab Pas si Miss que \u00e7a \u00bb<\/a> depuis le 5 juillet.<\/p>\n<p class=\"paragraph text_align_left lp-f-body-02\">L\u2019ancienne Miss Picardie a partag\u00e9 sur Instagram une photo prise au moment de son d\u00e9p\u00f4t de plainte, sur laquelle on peut voir l\u2019inscription \u00ab Audition plainte de la victime \u00bb. \u00ab Bon, la journ\u00e9e ne s\u2019est pas termin\u00e9e de la meilleure des fa\u00e7ons \u00bb, \u00e9crit-elle sur le clich\u00e9, avant de remercier la police d\u2019Avignon pour \u00ab sa r\u00e9activit\u00e9, son aide et son soutien \u00bb.<\/p>\n<p>\u00ab Je suis un peu sonn\u00e9e \u00bb<\/p>\n<p class=\"paragraph text_align_left lp-f-body-02\">Dans des vid\u00e9os post\u00e9es en story sur son compte, la jeune femme de 36 ans est revenue sur le d\u00e9roul\u00e9 des faits. Lors du <a href=\"https:\/\/www.leparisien.fr\/culture-loisirs\/festival-off-davignon-lhistoire-oubliee-de-ces-francaises-qui-ont-fait-le-debarquement-11-07-2025-GPSNZCN4H5D6JJ2QWVT7BHVTUM.php\" target=\"_blank\" rel=\"noreferrer nofollow noopener\">Festival d\u2019Avignon<\/a>, les artistes ont coutume de distribuer des tracts pour promouvoir leur spectacle afin d\u2019inciter un maximum de spectateurs \u00e0 venir les voir. C\u2019est en marge de l\u2019un de ces tractages que <a href=\"https:\/\/www.leparisien.fr\/paris-75\/paris-un-homme-tente-de-violer-une-femme-en-pleine-rue-dans-le-xve-arrondissement-21-05-2025-KVKGYIAG3NB5XGQXT4YGZPMWYM.php\" target=\"_blank\" rel=\"noreferrer nofollow noopener\">l\u2019agression<\/a> est survenue.<\/p>\n<p class=\"paragraph text_align_left lp-f-body-02\">Alors qu\u2019elle se trouvait avec des amis, Rachel Legrain-Trapani a \u00e9t\u00e9 reconnue par des \u00ab jeunes filles \u00bb qui lui ont demand\u00e9 des photos. L\u2019ex-reine de beaut\u00e9 a accept\u00e9, comme \u00e0 son habitude. Un homme qui \u00ab r\u00f4dait \u00bb autour d\u2019elle \u00ab depuis un moment \u00bb et auquel elle n\u2019avait \u00ab pas pr\u00eat\u00e9 attention \u00bb, a \u00e0 son tour sollicit\u00e9 un clich\u00e9 avec l\u2019humoriste en devenir.<\/p>\n<p class=\"paragraph text_align_left lp-f-body-02\">L\u00e0 encore, elle a poliment accept\u00e9, mais \u00ab il a commenc\u00e9 \u00e0 me toucher \u00bb, relate l\u2019ex-Miss France face cam\u00e9ra. \u00ab J\u2019\u00e9tais sur le c**, dans le sens o\u00f9 je ne m\u2019attendais pas \u00e0 \u00e7a \u00bb, a-t-elle ajout\u00e9. Le temps qu\u2019elle puisse r\u00e9agir, l\u2019homme avait pris la fuite. Un de ses amies, t\u00e9moin des faits, a tent\u00e9 de le rattraper et appel\u00e9 la police, <a href=\"https:\/\/www.leparisien.fr\/faits-divers\/les-policiers-stoppent-une-agression-sexuelle-en-pleine-rue-dans-le-xviiie-arrondissement-de-paris-24-02-2024-JNROQDEXRFE7BGBPUFM26UINCE.php\" target=\"_blank\" rel=\"noreferrer nofollow noopener\">qui a pu interpeller le mis en cause<\/a>. \u00ab Je me sens un peu bizarre (\u2026). Le principal, c\u2019est que tout va bien, mais je suis un peu sonn\u00e9e. La police a super bien r\u00e9agi, ils ont vraiment \u00e9t\u00e9 tr\u00e8s gentils \u00bb, a tenu \u00e0 souligner Rachel Legrain-Trapani.<\/p>\n","protected":false},"excerpt":{"rendered":"Des faits survenus en pleine rue. La com\u00e9dienne Rachel Legrain-Trapani, Miss France 2007, annonce avoir port\u00e9 plainte pour&hellip;\n","protected":false},"author":2,"featured_media":256370,"comment_status":"","ping_status":"","sticky":false,"template":"","format":"standard","meta":{"footnotes":""},"categories":[8],"tags":[872,58,59,118,1011,27,3034],"class_list":{"0":"post-256369","1":"post","2":"type-post","3":"status-publish","4":"format-standard","5":"has-post-thumbnail","7":"category-divertissement","8":"tag-culture-et-loisirs","9":"tag-divertissement","10":"tag-entertainment","11":"tag-faits-divers","12":"tag-fr","13":"tag-france","14":"tag-miss-france"},"share_on_mastodon":{"url":"https:\/\/pubeurope.com\/@fr\/114874295666056065","error":""},"_links":{"self":[{"href":"https:\/\/www.europesays.com\/fr\/wp-json\/wp\/v2\/posts\/256369","targetHints":{"allow":["GET"]}}],"collection":[{"href":"https:\/\/www.europesays.com\/fr\/wp-json\/wp\/v2\/posts"}],"about":[{"href":"https:\/\/www.europesays.com\/fr\/wp-json\/wp\/v2\/types\/post"}],"author":[{"embeddable":true,"href":"https:\/\/www.europesays.com\/fr\/wp-json\/wp\/v2\/users\/2"}],"replies":[{"embeddable":true,"href":"https:\/\/www.europesays.com\/fr\/wp-json\/wp\/v2\/comments?post=256369"}],"version-history":[{"count":0,"href":"https:\/\/www.europesays.com\/fr\/wp-json\/wp\/v2\/posts\/256369\/revisions"}],"wp:featuredmedia":[{"embeddable":true,"href":"https:\/\/www.europesays.com\/fr\/wp-json\/wp\/v2\/media\/256370"}],"wp:attachment":[{"href":"https:\/\/www.europesays.com\/fr\/wp-json\/wp\/v2\/media?parent=256369"}],"wp:term":[{"taxonomy":"category","embeddable":true,"href":"https:\/\/www.europesays.com\/fr\/wp-json\/wp\/v2\/categories?post=256369"},{"taxonomy":"post_tag","embeddable":true,"href":"https:\/\/www.europesays.com\/fr\/wp-json\/wp\/v2\/tags?post=256369"}],"curies":[{"name":"wp","href":"https:\/\/api.w.org\/{rel}","templated":true}]}}