{"id":256380,"date":"2025-07-18T12:48:11","date_gmt":"2025-07-18T12:48:11","guid":{"rendered":"https:\/\/www.europesays.com\/fr\/256380\/"},"modified":"2025-07-18T12:48:11","modified_gmt":"2025-07-18T12:48:11","slug":"les-epiceries-devront-desormais-fermer-a-22-heures","status":"publish","type":"post","link":"https:\/\/www.europesays.com\/fr\/256380\/","title":{"rendered":"les \u00e9piceries devront d\u00e9sormais fermer \u00e0 22 heures"},"content":{"rendered":"<p><img decoding=\"async\" class=\"\" style=\"width:100%\" src=\"https:\/\/www.europesays.com\/fr\/wp-content\/uploads\/2025\/07\/shopping_2615482_12801699944978854.jpg\" alt=\"supermarch\u00e9 \"\/><\/p>\n<p>Cr\u00e9dit : Photo d&rsquo;illustration Pixabay<\/p>\n<p>Ga\u00ebl Perdriau a d\u00e9cid\u00e9 de s\u00e9vir, \u00e0 la suite des plus de 500 demandes d&rsquo;interventions des riverains exc\u00e9d\u00e9s par des troubles, entre 21 heures et 6 heures du matin. <strong>Les \u00e9piceries devront d\u00e9sormais fermer de 22 heures \u00e0 6 heures, \u00e0 partir de vendredi prochain. <\/strong>Un arr\u00eat\u00e9 municipal a \u00e9t\u00e9 pris ce vendredi 18 juillet.<\/p>\n<p>Il r\u00e9glemente les horaires d\u2019ouverture des \u00e9piceries \u00e0 Saint-Etienne, dans les secteurs des rues Antoine Durafour, Pointe Cadet, Victor Duchamp, des Alli\u00e9s, des docteurs Charcot, du 11 Novembre, de la place Jacquard et leurs rues directement adjacentes. Celles-ci devront fermer et cesser toute activit\u00e9 entre 22 heures et 6 heures.<\/p>\n<p>\u00ab\u00a0Il s&rsquo;agit d&rsquo;un outil suppl\u00e9mentaire pour lutter encore plus efficacement contre les troubles occasionn\u00e9s par ces commerces ouverts la nuit\u00a0\u00bb, pr\u00e9cise le maire. Cette nouvelle r\u00e9glementation entrera en vigueur vendredi 25 juillet. D&rsquo;ici l\u00e0, les commer\u00e7ants concern\u00e9s seront inform\u00e9s.<\/p>\n","protected":false},"excerpt":{"rendered":"Cr\u00e9dit : Photo d&rsquo;illustration Pixabay Ga\u00ebl Perdriau a d\u00e9cid\u00e9 de s\u00e9vir, \u00e0 la suite des plus de 500&hellip;\n","protected":false},"author":2,"featured_media":256381,"comment_status":"","ping_status":"","sticky":false,"template":"","format":"standard","meta":{"footnotes":""},"categories":[9653],"tags":[1111,11,11354,2430,39637,12821,1777,674,1011,27,3367,12,25,4001,39636],"class_list":{"0":"post-256380","1":"post","2":"type-post","3":"status-publish","4":"format-standard","5":"has-post-thumbnail","7":"category-saint-etienne","8":"tag-actu","9":"tag-actualites","10":"tag-arrete","11":"tag-auvergne-rhone-alpes","12":"tag-durafour","13":"tag-epicerie","14":"tag-eu","15":"tag-europe","16":"tag-fr","17":"tag-france","18":"tag-loire","19":"tag-news","20":"tag-republique-francaise","21":"tag-saint-etienne","22":"tag-tranquilite"},"share_on_mastodon":{"url":"https:\/\/pubeurope.com\/@fr\/114874319096066466","error":""},"_links":{"self":[{"href":"https:\/\/www.europesays.com\/fr\/wp-json\/wp\/v2\/posts\/256380","targetHints":{"allow":["GET"]}}],"collection":[{"href":"https:\/\/www.europesays.com\/fr\/wp-json\/wp\/v2\/posts"}],"about":[{"href":"https:\/\/www.europesays.com\/fr\/wp-json\/wp\/v2\/types\/post"}],"author":[{"embeddable":true,"href":"https:\/\/www.europesays.com\/fr\/wp-json\/wp\/v2\/users\/2"}],"replies":[{"embeddable":true,"href":"https:\/\/www.europesays.com\/fr\/wp-json\/wp\/v2\/comments?post=256380"}],"version-history":[{"count":0,"href":"https:\/\/www.europesays.com\/fr\/wp-json\/wp\/v2\/posts\/256380\/revisions"}],"wp:featuredmedia":[{"embeddable":true,"href":"https:\/\/www.europesays.com\/fr\/wp-json\/wp\/v2\/media\/256381"}],"wp:attachment":[{"href":"https:\/\/www.europesays.com\/fr\/wp-json\/wp\/v2\/media?parent=256380"}],"wp:term":[{"taxonomy":"category","embeddable":true,"href":"https:\/\/www.europesays.com\/fr\/wp-json\/wp\/v2\/categories?post=256380"},{"taxonomy":"post_tag","embeddable":true,"href":"https:\/\/www.europesays.com\/fr\/wp-json\/wp\/v2\/tags?post=256380"}],"curies":[{"name":"wp","href":"https:\/\/api.w.org\/{rel}","templated":true}]}}