{"id":256398,"date":"2025-07-18T12:59:46","date_gmt":"2025-07-18T12:59:46","guid":{"rendered":"https:\/\/www.europesays.com\/fr\/256398\/"},"modified":"2025-07-18T12:59:46","modified_gmt":"2025-07-18T12:59:46","slug":"un-suspect-interpelle-apres-avoir-vole-une-trottinette-sous-la-menace-dune-arme-de-poing","status":"publish","type":"post","link":"https:\/\/www.europesays.com\/fr\/256398\/","title":{"rendered":"un suspect interpell\u00e9 apr\u00e8s avoir vol\u00e9 une trottinette sous la menace d\u2019une arme de poing"},"content":{"rendered":"<p itemprop=\"description\"><strong>Un homme a \u00e9t\u00e9 interpell\u00e9 apr\u00e8s avoir vol\u00e9 la trottinette \u00e9clectique d\u2019un individu sous la menace d\u2019une arme de poing dans un parc \u00e0 Grenoble.<\/strong><\/p>\n<p>Les faits se sont d\u00e9roul\u00e9s vers 1h30 ce mardi 15 juillet dans un parc situ\u00e9 Grande Rue \u00e0 La Tronche \u00e0 Grenoble. Un individu a \u00e9t\u00e9 agress\u00e9 par plusieurs hommes, dont l\u2019un \u00e9tait porteur d\u2019un pistolet et un autre d\u2019un couteau. Face \u00e0 cette menace, la victime a \u00e9t\u00e9 contrainte de leur c\u00e9der sa trottinette \u00e9lectrique.<\/p>\n<p>Les policiers de la brigade anticriminalit\u00e9 de Grenoble sont alors imm\u00e9diatement intervenus. Un suspect a pu \u00eatre arr\u00eat\u00e9 peu de temps apr\u00e8s dans le quartier l\u2019Alma en possession de la trottinette. Il a \u00e9t\u00e9 plac\u00e9 en garde \u00e0 vue.<\/p>\n","protected":false},"excerpt":{"rendered":"Un homme a \u00e9t\u00e9 interpell\u00e9 apr\u00e8s avoir vol\u00e9 la trottinette \u00e9clectique d\u2019un individu sous la menace d\u2019une arme&hellip;\n","protected":false},"author":2,"featured_media":256399,"comment_status":"","ping_status":"","sticky":false,"template":"","format":"standard","meta":{"footnotes":""},"categories":[9566],"tags":[1111,11,7733,8279,2430,7736,650,7734,2889,2263,1777,674,1011,27,2731,8280,6417,1114,108,4662,12,3725,1825,25,7737],"class_list":{"0":"post-256398","1":"post","2":"type-post","3":"status-publish","4":"format-standard","5":"has-post-thumbnail","7":"category-grenoble","8":"tag-actu","9":"tag-actualites","10":"tag-alpes","11":"tag-alpes1","12":"tag-auvergne-rhone-alpes","13":"tag-cds","14":"tag-cinema","15":"tag-ecoute","16":"tag-emission","17":"tag-equipe","18":"tag-eu","19":"tag-europe","20":"tag-fr","21":"tag-france","22":"tag-grenoble","23":"tag-haute","24":"tag-information","25":"tag-infos","26":"tag-isere","27":"tag-journal","28":"tag-news","29":"tag-podcast","30":"tag-radio","31":"tag-republique-francaise","32":"tag-winamp"},"share_on_mastodon":{"url":"https:\/\/pubeurope.com\/@fr\/114874366228611659","error":""},"_links":{"self":[{"href":"https:\/\/www.europesays.com\/fr\/wp-json\/wp\/v2\/posts\/256398","targetHints":{"allow":["GET"]}}],"collection":[{"href":"https:\/\/www.europesays.com\/fr\/wp-json\/wp\/v2\/posts"}],"about":[{"href":"https:\/\/www.europesays.com\/fr\/wp-json\/wp\/v2\/types\/post"}],"author":[{"embeddable":true,"href":"https:\/\/www.europesays.com\/fr\/wp-json\/wp\/v2\/users\/2"}],"replies":[{"embeddable":true,"href":"https:\/\/www.europesays.com\/fr\/wp-json\/wp\/v2\/comments?post=256398"}],"version-history":[{"count":0,"href":"https:\/\/www.europesays.com\/fr\/wp-json\/wp\/v2\/posts\/256398\/revisions"}],"wp:featuredmedia":[{"embeddable":true,"href":"https:\/\/www.europesays.com\/fr\/wp-json\/wp\/v2\/media\/256399"}],"wp:attachment":[{"href":"https:\/\/www.europesays.com\/fr\/wp-json\/wp\/v2\/media?parent=256398"}],"wp:term":[{"taxonomy":"category","embeddable":true,"href":"https:\/\/www.europesays.com\/fr\/wp-json\/wp\/v2\/categories?post=256398"},{"taxonomy":"post_tag","embeddable":true,"href":"https:\/\/www.europesays.com\/fr\/wp-json\/wp\/v2\/tags?post=256398"}],"curies":[{"name":"wp","href":"https:\/\/api.w.org\/{rel}","templated":true}]}}