{"id":256400,"date":"2025-07-18T13:00:16","date_gmt":"2025-07-18T13:00:16","guid":{"rendered":"https:\/\/www.europesays.com\/fr\/256400\/"},"modified":"2025-07-18T13:00:16","modified_gmt":"2025-07-18T13:00:16","slug":"un-jeune-homme-en-urgence-absolue-suite-a-une-grave-collision-sur-la480","status":"publish","type":"post","link":"https:\/\/www.europesays.com\/fr\/256400\/","title":{"rendered":"un jeune homme en urgence absolue suite \u00e0 une grave collision sur l\u2019A480"},"content":{"rendered":"<p>\t\t\t\t\t\t\t\t\t\t\t<img loading=\"lazy\" decoding=\"async\" width=\"1110\" title=\"Grenoble : un jeune homme en urgence absolue suite \u00e0 une grave collision sur l\u2019A480\" class=\"img-fluid  mb-3\" src=\"https:\/\/grandgrenoble.alpes1.com\/media\/news\/thumb\/1110x624_grenoble-un-jeune-homme-en-urgence-absolue-suite-a-une-grave-collision-sur-l-a480_687a15f7e43f2.webp\" alt=\"Grenoble : un jeune homme en urgence absolue suite \u00e0 une grave collision sur l\u2019A480\" itemprop=\"image\" height=\"624\"\/>\t\t\t\t\t\t\t\t\t\t\t\t<\/p>\n<p>Grenoble : un jeune homme en urgence absolue suite \u00e0 une grave collision sur l\u2019A480 &#8211; DR<\/p>\n<p itemprop=\"description\"><strong>L\u2019accident s\u2019est produit ce vendredi 18 juillet.<\/strong><\/p>\n<p>Aux alentours de 2h du matin, un accident de la route s\u2019est produit sur l\u2019autoroute A480, dans le sens Lyon-Grenoble, plus pr\u00e9cis\u00e9ment \u00e0 c\u00f4t\u00e9 de la sortie des Eaux Claires, \u00e0 Grenoble. Une fourgonnette et une voiture ont \u00e9t\u00e9 impliqu\u00e9es.<\/p>\n<p>Imm\u00e9diatement appel\u00e9s sur place, les sapeurs-pompiers ont constat\u00e9 les blessures de deux individus. Un jeune homme de 18 ans a d\u00fb \u00eatre d\u00e9sincarc\u00e9r\u00e9 et transport\u00e9 en urgence absolue au service d\u00e9chocage du CHU Grenoble Alpes.<\/p>\n<p>L\u2019autre conducteur bless\u00e9, un homme de 29 ans, a lui aussi \u00e9t\u00e9 transport\u00e9 \u00e0 l\u2019h\u00f4pital. En revanche, ses jours ne sont pas en danger.<\/p>\n","protected":false},"excerpt":{"rendered":"Grenoble : un jeune homme en urgence absolue suite \u00e0 une grave collision sur l\u2019A480 &#8211; DR L\u2019accident&hellip;\n","protected":false},"author":2,"featured_media":256401,"comment_status":"","ping_status":"","sticky":false,"template":"","format":"standard","meta":{"footnotes":""},"categories":[9566],"tags":[1111,11,7733,8279,2430,7736,650,7734,2889,2263,1777,674,1011,27,2731,8280,6417,1114,108,4662,12,3725,1825,25,7737],"class_list":{"0":"post-256400","1":"post","2":"type-post","3":"status-publish","4":"format-standard","5":"has-post-thumbnail","7":"category-grenoble","8":"tag-actu","9":"tag-actualites","10":"tag-alpes","11":"tag-alpes1","12":"tag-auvergne-rhone-alpes","13":"tag-cds","14":"tag-cinema","15":"tag-ecoute","16":"tag-emission","17":"tag-equipe","18":"tag-eu","19":"tag-europe","20":"tag-fr","21":"tag-france","22":"tag-grenoble","23":"tag-haute","24":"tag-information","25":"tag-infos","26":"tag-isere","27":"tag-journal","28":"tag-news","29":"tag-podcast","30":"tag-radio","31":"tag-republique-francaise","32":"tag-winamp"},"share_on_mastodon":{"url":"https:\/\/pubeurope.com\/@fr\/114874366365363743","error":""},"_links":{"self":[{"href":"https:\/\/www.europesays.com\/fr\/wp-json\/wp\/v2\/posts\/256400","targetHints":{"allow":["GET"]}}],"collection":[{"href":"https:\/\/www.europesays.com\/fr\/wp-json\/wp\/v2\/posts"}],"about":[{"href":"https:\/\/www.europesays.com\/fr\/wp-json\/wp\/v2\/types\/post"}],"author":[{"embeddable":true,"href":"https:\/\/www.europesays.com\/fr\/wp-json\/wp\/v2\/users\/2"}],"replies":[{"embeddable":true,"href":"https:\/\/www.europesays.com\/fr\/wp-json\/wp\/v2\/comments?post=256400"}],"version-history":[{"count":0,"href":"https:\/\/www.europesays.com\/fr\/wp-json\/wp\/v2\/posts\/256400\/revisions"}],"wp:featuredmedia":[{"embeddable":true,"href":"https:\/\/www.europesays.com\/fr\/wp-json\/wp\/v2\/media\/256401"}],"wp:attachment":[{"href":"https:\/\/www.europesays.com\/fr\/wp-json\/wp\/v2\/media?parent=256400"}],"wp:term":[{"taxonomy":"category","embeddable":true,"href":"https:\/\/www.europesays.com\/fr\/wp-json\/wp\/v2\/categories?post=256400"},{"taxonomy":"post_tag","embeddable":true,"href":"https:\/\/www.europesays.com\/fr\/wp-json\/wp\/v2\/tags?post=256400"}],"curies":[{"name":"wp","href":"https:\/\/api.w.org\/{rel}","templated":true}]}}